{"id":4792233,"date":"2014-07-15T22:00:09","date_gmt":"2014-07-15T22:00:09","guid":{"rendered":"https:\/\/www.upo.es\/diario\/?p=4792233"},"modified":"2014-07-15T22:00:13","modified_gmt":"2014-07-15T22:00:13","slug":"el-coaching-puede-ayudar-a-los-politicos-a-afrontar-su-quehacer-diario-y-facilitar-la-toma-de-decisiones","status":"publish","type":"post","link":"https:\/\/www.upo.es\/diario\/cursos-verano\/2014\/07\/el-coaching-puede-ayudar-a-los-politicos-a-afrontar-su-quehacer-diario-y-facilitar-la-toma-de-decisiones\/","title":{"rendered":"\u201cEl coaching puede ayudar a los pol\u00edticos a afrontar su quehacer diario y facilitar la toma de decisiones\u201d"},"content":{"rendered":"<figure id=\"attachment_4792234\" aria-describedby=\"caption-attachment-4792234\" style=\"width: 320px\" class=\"wp-caption alignright\"><a href=\"https:\/\/www.upo.es\/diario\/wp-content\/uploads\/2014\/07\/David-Javier-Garcia1.jpg\"><img loading=\"lazy\" decoding=\"async\" class=\"size-medium wp-image-4792234\" alt=\"David Javier Garc\u00eda\" src=\"https:\/\/www.upo.es\/diario\/wp-content\/uploads\/2014\/07\/David-Javier-Garcia1-320x213.jpg\" width=\"320\" height=\"213\" srcset=\"https:\/\/www.upo.es\/diario\/wp-content\/uploads\/2014\/07\/David-Javier-Garcia1-320x213.jpg 320w, https:\/\/www.upo.es\/diario\/wp-content\/uploads\/2014\/07\/David-Javier-Garcia1-600x399.jpg 600w, https:\/\/www.upo.es\/diario\/wp-content\/uploads\/2014\/07\/David-Javier-Garcia1.jpg 887w\" sizes=\"auto, (max-width: 320px) 100vw, 320px\" \/><\/a><figcaption id=\"caption-attachment-4792234\" class=\"wp-caption-text\">David Javier Garc\u00eda<\/figcaption><\/figure>\n<p><strong>David Javier Garc\u00eda Ostos<\/strong>, director general de Comunicaci\u00f3n Social de la Junta de Andaluc\u00eda, ha declarado que <strong>\u201cla metodolog\u00eda del coaching puede ayudar a los responsables pol\u00edticos a mejorar sus capacidades y competencias para ejercer la pol\u00edtica en el sentido m\u00e1s amplio\u201d<\/strong>. Seg\u00fan Ostos, esta disciplina pude aportar herramientas que permiten afrontar el quehacer diario y que facilitan la toma de decisiones.<\/p>\n<p>Garc\u00eda Ostos ha realizado estas declaraciones en el curso <strong>\u201cAplicaci\u00f3n del coachinga la actividad pol\u00edtica\u201d<\/strong> que se est\u00e1 realizando en el marco de la XII edici\u00f3n de los cursos de verano que la Universidad Pablo de Olavide celebra en Carmona, y donde ha impartido una ponencia sobre coaching y pol\u00edtica.<\/p>\n<p>Dicho curso pretende acercar los beneficios de la aplicaci\u00f3n de esta disciplina a responsables y dirigentes pol\u00edticos. La propuesta de talleres y conferencias exponen herramientas de coaching, inteligencia emocional, programaci\u00f3n neuroling\u00fc\u00edstica y oratoria, de aplicaci\u00f3n pr\u00e1ctica para mejorar los aspectos de marca personal y liderazgo, relaciones sociales, comunicaci\u00f3n y gesti\u00f3n emocional.<\/p>\n<p>El director de Comunicaci\u00f3n Social de la Junta pone de relieve que una de las principales carencias de nuestro sistema pol\u00edtico es la falta de credibilidad de las personas que ejercen esta disciplina, lo cual ocasiona que los ciudadanos desconf\u00eden\u00a0 tanto de los partidos como de las instituciones p\u00fablicas. Ostos considera que \u201csi mejoramos el rendimiento de la actividad de los responsables pol\u00edticos, \u00e9stos ser\u00e1n m\u00e1s cre\u00edbles, y eso redundar\u00e1 en el prestigio de partidos e instituciones\u201d.<\/p>\n<p>En cuanto a los beneficios que el coaching puede aportar a la pol\u00edtica, David Garc\u00eda destaca cualidades como el autoconocimiento, optimizaci\u00f3n y alto rendimiento, autocontrol y equilibrio, liderazgo eficaz y autoliderazgo, comunicaci\u00f3n efectiva, gesti\u00f3n del estr\u00e9s, equipos de trabajo eficaces y eficientes, mejora en la resoluci\u00f3n de conflictos, superaci\u00f3n en la gesti\u00f3n del cambio, inteligencia emocional y, fundamentalmente, mayor conciencia y responsabilidad sobre la actividad pol\u00edtica.<\/p>\n<p>No obstante, dichos beneficios no s\u00f3lo son aplicables a la pol\u00edtica, sino que tambi\u00e9n lo son a nuestra vida cotidiana: \u201cconsidero que el coaching es una forma de vida, en la que se busca el equilibrio en los \u00e1mbitos de la vida de la persona\u201d establece Ostos. Las herramientas de coaching, contin\u00faa David Javier Garc\u00eda, \u201cnos permiten ser m\u00e1s conscientes y responsables de nuestras propias vidas, con la suficiente autoconfianza para afrontar los problemas, retos, oportunidades y el cambio continuo\u201d<\/p>\n<p>Para mejorar nuestros ambientes laborales, sociales y familiares, el tambi\u00e9n coach Garc\u00eda Ostos, considera que el autoconocimiento es clave en todos los \u00e1mbitos de la vida: \u201cconocer nuestros puntos fuertes y nuestras \u00e1reas de mejora son una oportunidad de crecimiento\u201d. Del mismo modo, incide en la importancia de saber relacionarnos con nosotros mismos tanto como con los dem\u00e1s.<\/p>\n<p>Al hacer referencia a la difusi\u00f3n del coaching en la sociedad actual, el director de Comunicaci\u00f3n Social de la Junta\u00a0 precisa que, a pesar del auge de los \u00faltimos a\u00f1os, todav\u00eda precisar\u00eda de una mayor implantaci\u00f3n y plantea la posibilidad de utilizarlo de manera transversal en nuestro sistema educativo. \u201cPongan un coach en su vida, somos muchas las personas que reconocemos que el coachingnos ha cambiado la vida\u201d, concluye Garc\u00eda Ostos.<\/p>\n","protected":false},"excerpt":{"rendered":"<p>David Javier Garc\u00eda Ostos, director general de Comunicaci\u00f3n Social de la Junta de Andaluc\u00eda, ha declarado que \u201cla metodolog\u00eda del coaching puede ayudar a los responsables pol\u00edticos a mejorar sus capacidades y competencias para ejercer la pol\u00edtica en el sentido m\u00e1s amplio\u201d. Seg\u00fan Ostos, esta disciplina pude aportar herramientas que permiten afrontar el quehacer diario y que facilitan la toma de decisiones.<\/p>\n","protected":false},"author":9,"featured_media":4792235,"comment_status":"closed","ping_status":"open","sticky":false,"template":"","format":"standard","meta":{"_monsterinsights_skip_tracking":false,"_monsterinsights_sitenote_active":false,"_monsterinsights_sitenote_note":"","_monsterinsights_sitenote_category":0,"footnotes":""},"categories":[729],"tags":[23,22,1663,1657,491],"class_list":["post-4792233","post","type-post","status-publish","format-standard","has-post-thumbnail","hentry","category-cursos-verano","tag-carmona","tag-cursos-de-verano","tag-david-javier-garcia","tag-universidad-pablo-de-olavide","tag-upo"],"_links":{"self":[{"href":"https:\/\/www.upo.es\/diario\/wp-json\/wp\/v2\/posts\/4792233","targetHints":{"allow":["GET"]}}],"collection":[{"href":"https:\/\/www.upo.es\/diario\/wp-json\/wp\/v2\/posts"}],"about":[{"href":"https:\/\/www.upo.es\/diario\/wp-json\/wp\/v2\/types\/post"}],"author":[{"embeddable":true,"href":"https:\/\/www.upo.es\/diario\/wp-json\/wp\/v2\/users\/9"}],"replies":[{"embeddable":true,"href":"https:\/\/www.upo.es\/diario\/wp-json\/wp\/v2\/comments?post=4792233"}],"version-history":[{"count":3,"href":"https:\/\/www.upo.es\/diario\/wp-json\/wp\/v2\/posts\/4792233\/revisions"}],"predecessor-version":[{"id":4799198,"href":"https:\/\/www.upo.es\/diario\/wp-json\/wp\/v2\/posts\/4792233\/revisions\/4799198"}],"wp:featuredmedia":[{"embeddable":true,"href":"https:\/\/www.upo.es\/diario\/wp-json\/wp\/v2\/media\/4792235"}],"wp:attachment":[{"href":"https:\/\/www.upo.es\/diario\/wp-json\/wp\/v2\/media?parent=4792233"}],"wp:term":[{"taxonomy":"category","embeddable":true,"href":"https:\/\/www.upo.es\/diario\/wp-json\/wp\/v2\/categories?post=4792233"},{"taxonomy":"post_tag","embeddable":true,"href":"https:\/\/www.upo.es\/diario\/wp-json\/wp\/v2\/tags?post=4792233"}],"curies":[{"name":"wp","href":"https:\/\/api.w.org\/{rel}","templated":true}]}}