{"id":4792241,"date":"2014-07-16T00:05:26","date_gmt":"2014-07-16T00:05:26","guid":{"rendered":"https:\/\/www.upo.es\/diario\/?p=4792241"},"modified":"2014-07-17T07:34:37","modified_gmt":"2014-07-17T07:34:37","slug":"la-conferencia-la-palabra-al-servicio-de-la-accion-clausura-hoy-el-curso-sobre-oratoraria","status":"publish","type":"post","link":"https:\/\/www.upo.es\/diario\/institucional\/2014\/07\/la-conferencia-la-palabra-al-servicio-de-la-accion-clausura-hoy-el-curso-sobre-oratoraria\/","title":{"rendered":"La conferencia \u201cLa palabra al servicio de la acci\u00f3n\u201d clausura hoy el curso sobre oratoraria\u201d"},"content":{"rendered":"<p>Antonio Mart\u00edn S\u00e1nchez, director general de Con Acento, Debate y Comunicaci\u00f3n, S.L. y coordinador del curso <strong>\u201cHabla\u2026bla\u2026blabla. Aprende a hablar mejor: convence y persuade\u201d<\/strong> clausura este seminario con la conferencia \u201cLa palabra al servicio de la acci\u00f3n. Lidera y emociona\u201d, que tendr\u00e1 lugar a las 11,00 horas en el aula 6 de la Casa Palacio de Los Briones. Previamente, a las 9,00 horas, se disputar\u00e1 la final del torneo de debate, donde los alumnos aplicar\u00e1n de forma pr\u00e1ctica los conceptos y t\u00e9cnicas aprendidas para alcanzar una comunicaci\u00f3n oral eficaz y atractiva.<\/p>\n<p>Tambi\u00e9n finaliza el curso <strong>\u201cAplicaci\u00f3n del coaching a la actividad pol\u00edtica\u201d<\/strong> con una programaci\u00f3n que incluye una conferencia y una mesa redonda que se celebrar\u00e1n en el aula 2 de la Casa Palacio de Los Briones. En primer lugar, a las 9,00 horas, Valent\u00edn Escribano Medina, coach experto en comunicaci\u00f3n y oratoria ofrecer\u00e1 la ponencia \u201cOratoria y tesis de Quintiliano en el foro contempor\u00e1neo\u201d y a las 11,30 horas, se expondr\u00e1n las \u201cConclusiones finales: aplicaciones pr\u00e1cticas del curso coaching dirigido a pol\u00edticos\u201d en una mesa redonda en la que intervendr\u00e1n David Javier Garc\u00eda Ostos, director general de Comunicaci\u00f3n Social de la Junta de Andaluc\u00eda; Samantha Mu\u00f1oz Vera, coordinadora del seminario y experta universitaria en coaching personal, organizacional y ejecutivo; Rafael V\u00e1zquez Vega, experto en coaching pol\u00edtico y ejecutivo; Marina G. D\u00edaz-Jarg\u00fc\u00edn, experta universitaria en coaching personal, organizacional y ejecutivo y Jos\u00e9 M\u00aa P\u00e9rez Macho, psic\u00f3logo y experto universitario en coaching personal, organizacional y ejecutivo.<\/p>\n<p>Igualmente se clausura hoy el curso <strong>\u201cTaller sobre casos pr\u00e1cticos y habilidades en mediaci\u00f3n\u201d<\/strong> que durante tres d\u00edas ha acercado la mediaci\u00f3n tanto a alumnos como a profesionales para aprender a gestionar e intervenir en conflictos de distintas \u00edndoles. En la \u00faltima jornada, este seminario se abre con una conferencia a las 10,00 horas en la que la profesora Roc\u00edo Navarro Gonz\u00e1lez, del departamento de Derecho P\u00fablico de la Universidad Pablo de Olavide, abordar\u00e1 el papel de \u201cEl mediador como gestor de conflictos: \u00bfun nuevo perfil profesional?\u201d en el aula 5 de la Casa Palacio de Los Briones. A continuaci\u00f3n, a las 12,00 horas, Gabriela Al\u00e9s Hermosa, profesora del curso de Especialista en mediaci\u00f3n familiar y en asuntos civiles y mercantiles de la UPO, cerrar\u00e1 con la ponencia \u201cProtocolos en mediaci\u00f3n como herramientas en el trabajo mediador\u201d.<\/p>\n<p>El cuarto seminario que finaliza es el de<strong> \u201cTraducci\u00f3n multimodal accesible: audiodescripci\u00f3n para ciegos y subtitulaci\u00f3n para sordos\u201d<\/strong> con un taller y una conferencia. En primer lugar, a las 9,00 horas, tendr\u00e1 lugar el taller \u201cPr\u00e1cticas de subtitulado para sordos\u201d que ser\u00e1 impartido por Silvia Mart\u00ednez Mart\u00ednez, directora acad\u00e9mica del curso, y por Antonio Javier Chica N\u00fa\u00f1ez, profesor de la Universidad Pablo de Olavide. Dos horas despu\u00e9s, a las 12,00 horas, ser\u00e1 el turno de Coral Ivy Hunt, profesora del departamento de Filolog\u00eda y Traducci\u00f3n de la UPO, quien cerrar\u00e1 el curso abordando el tema de \u201cEl mercado de la traducci\u00f3n audiovisual accesible en Espa\u00f1a y en Europa\u201d.<\/p>\n<p>Por otro lado, hoy contin\u00faa en Carmona el curso <strong>\u201cIntroducci\u00f3n al m\u00e9todo Pilates\u201d<\/strong> con una jornada pr\u00e1ctica en la que se celebrar\u00e1n tres talleres: los dos primeros sobre \u201cEjercicios de calentamiento del m\u00e9todo Pilates\u201d a las 10,00 y a las 12,30 horas, respectivamente, y el tercero \u201cPr\u00e1cticas de los ejercicios de calentamiento\u201d a las 16,30 horas. Todos ellos ser\u00e1n impartidos por \u00c1frica Hidalgo, entrenadora personal y coordinadora de este seminario, y por Ainara Mart\u00ednez Madrid, entrenadora personal y directora y docente de la escuela de formaci\u00f3n Energ\u00eda Pilates, en el Hotel Alc\u00e1zar de la Reina.<\/p>\n<p>&nbsp;<\/p>\n<p>&nbsp;<\/p>\n","protected":false},"excerpt":{"rendered":"<p>Antonio Mart\u00edn S\u00e1nchez, director general de Con Acento, Debate y Comunicaci\u00f3n, S.L. y coordinador del curso \u201cHabla\u2026bla\u2026blabla. Aprende a hablar mejor: convence y persuade\u201d clausura este seminario con la conferencia \u201cLa palabra al servicio de la acci\u00f3n. Lidera y emociona\u201d, que tendr\u00e1 lugar a las 11,00 horas en el aula 6 de la Casa Palacio de Los Briones. Previamente, a las 9,00 horas, se disputar\u00e1 la final del torneo de debate, donde los alumnos aplicar\u00e1n de forma pr\u00e1ctica los conceptos y t\u00e9cnicas aprendidas para alcanzar una comunicaci\u00f3n oral eficaz y atractiva.<\/p>\n","protected":false},"author":9,"featured_media":0,"comment_status":"closed","ping_status":"open","sticky":false,"template":"","format":"standard","meta":{"_monsterinsights_skip_tracking":false,"_monsterinsights_sitenote_active":false,"_monsterinsights_sitenote_note":"","_monsterinsights_sitenote_category":0,"footnotes":""},"categories":[6],"tags":[23,22,1657,491],"class_list":["post-4792241","post","type-post","status-publish","format-standard","hentry","category-institucional","tag-carmona","tag-cursos-de-verano","tag-universidad-pablo-de-olavide","tag-upo"],"_links":{"self":[{"href":"https:\/\/www.upo.es\/diario\/wp-json\/wp\/v2\/posts\/4792241","targetHints":{"allow":["GET"]}}],"collection":[{"href":"https:\/\/www.upo.es\/diario\/wp-json\/wp\/v2\/posts"}],"about":[{"href":"https:\/\/www.upo.es\/diario\/wp-json\/wp\/v2\/types\/post"}],"author":[{"embeddable":true,"href":"https:\/\/www.upo.es\/diario\/wp-json\/wp\/v2\/users\/9"}],"replies":[{"embeddable":true,"href":"https:\/\/www.upo.es\/diario\/wp-json\/wp\/v2\/comments?post=4792241"}],"version-history":[{"count":5,"href":"https:\/\/www.upo.es\/diario\/wp-json\/wp\/v2\/posts\/4792241\/revisions"}],"predecessor-version":[{"id":4792246,"href":"https:\/\/www.upo.es\/diario\/wp-json\/wp\/v2\/posts\/4792241\/revisions\/4792246"}],"wp:attachment":[{"href":"https:\/\/www.upo.es\/diario\/wp-json\/wp\/v2\/media?parent=4792241"}],"wp:term":[{"taxonomy":"category","embeddable":true,"href":"https:\/\/www.upo.es\/diario\/wp-json\/wp\/v2\/categories?post=4792241"},{"taxonomy":"post_tag","embeddable":true,"href":"https:\/\/www.upo.es\/diario\/wp-json\/wp\/v2\/tags?post=4792241"}],"curies":[{"name":"wp","href":"https:\/\/api.w.org\/{rel}","templated":true}]}}