{"id":4807351,"date":"2014-07-16T10:49:25","date_gmt":"2014-07-16T10:49:25","guid":{"rendered":"https:\/\/www.upo.es\/diario\/?p=4807351"},"modified":"2014-07-16T10:49:25","modified_gmt":"2014-07-16T10:49:25","slug":"saber-comunicar-puede-ayudarnos-a-ser-mas-libres-ser-nosotros-mismos-y-desarrollarnos-como-personas","status":"publish","type":"post","link":"https:\/\/www.upo.es\/diario\/cursos-verano\/2014\/07\/saber-comunicar-puede-ayudarnos-a-ser-mas-libres-ser-nosotros-mismos-y-desarrollarnos-como-personas\/","title":{"rendered":"\u201cSaber comunicar puede ayudarnos a ser m\u00e1s libres, ser nosotros mismos y desarrollarnos como personas\u201d"},"content":{"rendered":"<figure id=\"attachment_4807352\" aria-describedby=\"caption-attachment-4807352\" style=\"width: 320px\" class=\"wp-caption alignright\"><a href=\"https:\/\/www.upo.es\/diario\/wp-content\/uploads\/2014\/07\/Luis-Rull1.jpg\"><img loading=\"lazy\" decoding=\"async\" class=\"size-medium wp-image-4807352\" alt=\"Luis Rull\" src=\"https:\/\/www.upo.es\/diario\/wp-content\/uploads\/2014\/07\/Luis-Rull1-320x213.jpg\" width=\"320\" height=\"213\" srcset=\"https:\/\/www.upo.es\/diario\/wp-content\/uploads\/2014\/07\/Luis-Rull1-320x213.jpg 320w, https:\/\/www.upo.es\/diario\/wp-content\/uploads\/2014\/07\/Luis-Rull1-600x399.jpg 600w, https:\/\/www.upo.es\/diario\/wp-content\/uploads\/2014\/07\/Luis-Rull1.jpg 1037w\" sizes=\"auto, (max-width: 320px) 100vw, 320px\" \/><\/a><figcaption id=\"caption-attachment-4807352\" class=\"wp-caption-text\">Luis Rull<\/figcaption><\/figure>\n<p><strong>Luis Rull<\/strong>, director de EBE (EventoBlogEspa\u00f1a) y de Mecus.es ha expuesto lo que para \u00e9l ser\u00edan los beneficios de una buena comunicaci\u00f3n. Para Rull, una buena capacidad de comunicaci\u00f3n puede mejorar nuestra vida, ya que nos permite<strong> \u00abser m\u00e1s libres, ser nosotros mismos y desarrollarnos como personas en aqu\u00e9llo que nos hace singulares. Gracias a ella podemos contar lo que somos y encontrar cosas de los dem\u00e1s que nos enriquezcan, interesen y que, en definitiva, nos hagan m\u00e1s felices\u00bb.<\/strong><\/p>\n<p>Estas declaraciones han sido realizadas en el marco del curso <strong>\u201c Habla\u2026bla..blabla. Aprende a hablar mejor: convence y persuade\u201d<\/strong> que se est\u00e1 desarrollando en el marco de cursos de verano que la Universidad Pablo de Olavide organiza en Carmona y del que ha sido ponente de la conferencia \u201cHerramientas y efectos visuales al servicio de la idea\u201d.<\/p>\n<p>Rull considera que comunicar consiste en conocer al otro y hacerle ver nuestro punto de vista, pero tambi\u00e9n ver el suyo: \u201cescuchar a los dem\u00e1s para poder estar integrados y poder conseguir lo que necesitamos, lo que queremos\u201d.<\/p>\n<p>Para comunicarnos bien, contin\u00faa el director de EBE, hemos de tener claro cu\u00e1l es el objetivo de nuestra comunicaci\u00f3n, es decir, qu\u00e9 queremos comunicar, as\u00ed como la audiencia a quien nos dirigimos. \u201cHemos de saber elegir las herramientas dependiendo de la relaci\u00f3n que tengamos con el interlocutor\u201d. Rull aboga por un peque\u00f1o an\u00e1lisis de la persona con quien tratamos de comunicarnos, afirmando que aunque parezca un poco fr\u00edo no hay que considerarlo as\u00ed: \u201cpensar en qui\u00e9n tienes enfrente y qu\u00e9 quieres decirle te hace tomar conciencia y te ayuda a facilitar la comunicaci\u00f3n.\u201d<\/p>\n<p>Una comunicaci\u00f3n exitosa consiste, en parte, en ser capaz de transmitir lo que pretendemos; sin embargo, para el tambi\u00e9n director de Mecus, no es lo \u00fanico, ya que la comunicaci\u00f3n no se da en un solo sentido. Para Rull es mucho m\u00e1s interesante el saber seleccionar la informaci\u00f3n que nos llega que ense\u00f1ar a comunicarnos, aunque reconoce que son dos cuestiones importantes y muy relacionadas.<\/p>\n<p>Al hablar sobre si sabemos comunicarnos, Rull centra su reflexi\u00f3n en la comunicaci\u00f3n actual, tremendamente influenciada por las nuevas tecnolog\u00edas. No si antes establecer la diferencia con la que podemos llamar comunicaci\u00f3n\u00a0 de la vida diaria, que aprendemos en casa o el colegio. Para Luis Rull las nuevas tecnolog\u00edas nos permiten otra forma de hacer las cosas, ya que \u201ctenemos nuevas necesidades que cubrir si queremos estar\u00a0 en el mundo\u201d. A\u00fan as\u00ed incide en que no explotamos todos nuestros recursos a la hora de comunicarnos.<\/p>\n<p>\u201cLa comunicaci\u00f3n ha mejorado en t\u00e9rminos de acceso\u201d contin\u00faa el director de EBE, \u201cya que existe una capacidad virtual de contar muchas cosas a todo el mundo, impensable hace pocas d\u00e9cadas\u201d. A su entender, esto es algo revolucionario y nos hace sentirnos afortunados al poder disfrutarlo, aunque reconoce que hay barreras a\u00fan insalvables, como ciertas zonas, o clases sociales m\u00e1s desfavorecidas por motivos econ\u00f3micos, pol\u00edticos, etc. Asimismo insiste en la responsabilidad que el uso de estas nuevas tecnolog\u00edas acarrea sobre los individuos, ya que al tener tantas herramientas al alcance, \u201cno hay excusas para no usarlas, si no tenemos los beneficios que queremos es culpa nuestra\u201d.<\/p>\n<p>En lo referente a c\u00f3mo afectan las redes sociales electr\u00f3nicas a la comunicaci\u00f3n, Luis Rull considera que nos permiten filtrar la\u00a0 informaci\u00f3n, es decir, seleccionar qu\u00e9 es relevante y para qui\u00e9n; en segundo lugar nos ayuda a encontrar gente af\u00edn; del mismo modo se\u00f1ala que nos facilitan cuestiones laborales, como aumentar la productividad, ya que eliminan procesos a veces innecesarios de burocracia e\u00a0 intermediarios, haciendo que seamos mas productivos. Y por \u00faltimo insiste en el hecho de que nos permiten crear nuevas herramientas de comunicaci\u00f3n a medida del usuario.<\/p>\n<p>Del mismo modo Rull no duda en defender un buen uso de las herramientas que nos proporcionan las redes sociales: \u201cla obsesi\u00f3n de lo nuevo sin tener objetivos es algo negativo, no debemos permitir que la herramienta se convierta en un fin en s\u00ed\u201d. As\u00ed declara que \u201ces importante saber qu\u00e9 queremos hacer con las herramientas y esto nos permitir\u00e1 ser m\u00e1s felices y mejorar nuestra comunicaci\u00f3n\u201d.<\/p>\n<p>Sobre c\u00f3mo afectan estas redes sociales a las relaciones humanas, el director de\u00a0 Mecus, considera que depende del uso que le demos, y del grado de obsesi\u00f3n que tengamos con ellas, pero destaca principalmente los aspectos positivos, como la posibilidad de abrirse al exterior de personas que est\u00e9n encerradas en ambientes opresivos, concluye.<\/p>\n<p>&nbsp;<\/p>\n","protected":false},"excerpt":{"rendered":"<p>Luis Rull, director de EBE (EventoBlogEspa\u00f1a) y de Mecus.es ha expuesto lo que para \u00e9l ser\u00edan los beneficios de una buena comunicaci\u00f3n. Para Rull, una buena capacidad de comunicaci\u00f3n puede mejorar nuestra vida, ya que nos permite \u201cser m\u00e1s libres, ser nosotros mismos y desarrollarnos como personas en aqu\u00e9llo que nos hace singulares. Gracias a ella podemos contar lo que somos y encontrar cosas de los dem\u00e1s que nos enriquezcan, interesen y que, en definitiva, nos hagan m\u00e1s felices.\u201d<\/p>\n","protected":false},"author":9,"featured_media":4807353,"comment_status":"closed","ping_status":"open","sticky":false,"template":"","format":"standard","meta":{"_monsterinsights_skip_tracking":false,"_monsterinsights_sitenote_active":false,"_monsterinsights_sitenote_note":"","_monsterinsights_sitenote_category":0,"footnotes":""},"categories":[729],"tags":[23,22,1671,1657,491],"class_list":["post-4807351","post","type-post","status-publish","format-standard","has-post-thumbnail","hentry","category-cursos-verano","tag-carmona","tag-cursos-de-verano","tag-luis-rull","tag-universidad-pablo-de-olavide","tag-upo"],"_links":{"self":[{"href":"https:\/\/www.upo.es\/diario\/wp-json\/wp\/v2\/posts\/4807351","targetHints":{"allow":["GET"]}}],"collection":[{"href":"https:\/\/www.upo.es\/diario\/wp-json\/wp\/v2\/posts"}],"about":[{"href":"https:\/\/www.upo.es\/diario\/wp-json\/wp\/v2\/types\/post"}],"author":[{"embeddable":true,"href":"https:\/\/www.upo.es\/diario\/wp-json\/wp\/v2\/users\/9"}],"replies":[{"embeddable":true,"href":"https:\/\/www.upo.es\/diario\/wp-json\/wp\/v2\/comments?post=4807351"}],"version-history":[{"count":1,"href":"https:\/\/www.upo.es\/diario\/wp-json\/wp\/v2\/posts\/4807351\/revisions"}],"predecessor-version":[{"id":4807354,"href":"https:\/\/www.upo.es\/diario\/wp-json\/wp\/v2\/posts\/4807351\/revisions\/4807354"}],"wp:featuredmedia":[{"embeddable":true,"href":"https:\/\/www.upo.es\/diario\/wp-json\/wp\/v2\/media\/4807353"}],"wp:attachment":[{"href":"https:\/\/www.upo.es\/diario\/wp-json\/wp\/v2\/media?parent=4807351"}],"wp:term":[{"taxonomy":"category","embeddable":true,"href":"https:\/\/www.upo.es\/diario\/wp-json\/wp\/v2\/categories?post=4807351"},{"taxonomy":"post_tag","embeddable":true,"href":"https:\/\/www.upo.es\/diario\/wp-json\/wp\/v2\/tags?post=4807351"}],"curies":[{"name":"wp","href":"https:\/\/api.w.org\/{rel}","templated":true}]}}