{"id":4807355,"date":"2014-07-17T07:00:34","date_gmt":"2014-07-17T07:00:34","guid":{"rendered":"https:\/\/www.upo.es\/diario\/?p=4807355"},"modified":"2014-07-18T07:25:37","modified_gmt":"2014-07-18T07:25:37","slug":"la-periodista-soledad-gallego-diaz-inaugura-el-curso-el-control-de-los-poderes-sobre-los-medios-de-comunicacion","status":"publish","type":"post","link":"https:\/\/www.upo.es\/diario\/institucional\/2014\/07\/la-periodista-soledad-gallego-diaz-inaugura-el-curso-el-control-de-los-poderes-sobre-los-medios-de-comunicacion\/","title":{"rendered":"La periodista Soledad Gallego D\u00edaz inaugura el curso \u201cEl control de los poderes sobre los medios de comunicaci\u00f3n\u201d"},"content":{"rendered":"<figure id=\"attachment_4820545\" aria-describedby=\"caption-attachment-4820545\" style=\"width: 250px\" class=\"wp-caption alignright\"><img loading=\"lazy\" decoding=\"async\" class=\"size-full wp-image-4820545\" alt=\"Soledad Gallego-DiazFoto: Diario El Pais\" src=\"https:\/\/www.upo.es\/diario\/wp-content\/uploads\/2014\/07\/soledad-gallego-diaz.jpg\" width=\"250\" height=\"250\" srcset=\"https:\/\/www.upo.es\/diario\/wp-content\/uploads\/2014\/07\/soledad-gallego-diaz.jpg 250w, https:\/\/www.upo.es\/diario\/wp-content\/uploads\/2014\/07\/soledad-gallego-diaz-150x150.jpg 150w\" sizes=\"auto, (max-width: 250px) 100vw, 250px\" \/><figcaption id=\"caption-attachment-4820545\" class=\"wp-caption-text\">Soledad Gallego-Diaz<br \/>Foto: Diario El Pais<\/figcaption><\/figure>\n<p>La periodista Soledad Gallego D\u00edaz abrir\u00e1, hoy a las 10,30 horas, el curso de verano<strong> \u201cEl control de los poderes pol\u00edticos, econ\u00f3micos y financieros sobre los medios de comunicaci\u00f3n\u201d<\/strong> con la conferencia inaugural \u201c\u00bfLos poderes pol\u00edticos, econ\u00f3micos y financieros controlan y mandan sobre los medios de comunicaci\u00f3n?\u201d. Este seminario, coordinado por Rafael Rodr\u00edguez Guerrero, presidente de la Asociaci\u00f3n de la Prensa de Sevilla, abordar\u00e1 hasta el viernes 18 de julio en el aula 2 de la Casa Palacio de Los Briones, temas como el control institucional de los medios de comunicaci\u00f3n, la presi\u00f3n sobre los medios p\u00fablicos y las alternativas period\u00edsticas que han surgido frente a ese control pol\u00edtico, empresarial y financiero.<\/p>\n<p>La primera jornada de este curso continuar\u00e1 a las 12,00 horas con una mesa redonda titulada \u201cEl control institucional de los medios de comunicaci\u00f3n\u201d que estar\u00e1 moderada por el periodista Juan Carlos Blanco y en la que intervendr\u00e1n Consuelo S\u00e1nchez-Vicente, directora general de Comunicaci\u00f3n del Gobierno de Espa\u00f1a y Miguel \u00c1ngel V\u00e1zquez, portavoz del Gobierno de la Junta de Andaluc\u00eda. Por la tarde, a las 16,30 horas, Pilar Vergara, directora de informativos de Canal Sur Televisi\u00f3n, ofrecer\u00e1 la ponencia \u201cEl control y la presi\u00f3n sobre los medios de comunicaci\u00f3n p\u00fablicos\u201d y a las 18,00 horas se celebrar\u00e1 una nueva mesa redonda, en esta ocasi\u00f3n bajo la tem\u00e1tica \u201cAlternativas period\u00edsticas frente al control de los poderes\u201d que estar\u00e1 moderada por Adela Gald\u00f3n Conejo, directora del Gabinete de Comunicaci\u00f3n de la Universidad Pablo de Olavide y en la que participar\u00e1n Jes\u00fas Mara\u00f1a, director de Infolibre y Arsenio Escolar, director de 20 Minutos.<\/p>\n<p>Otro de los cursos que comienza hoy es el de <strong>\u201cIntervenciones asistidas por animales. Principios te\u00f3ricos y pr\u00e1cticos\u201d<\/strong>, un seminario coordinado por Jos\u00e9 Luis Sarasola, profesor del departamento de Trabajo Social de la Universidad Pablo de Olavide y Mar\u00eda A. Perea, presidenta de INTAP (Intervenciones asistidas por perros y otros animales). Durante dos d\u00edas, a trav\u00e9s de diferentes ponencias y mesas redondas, se aportar\u00e1 una base conceptual y se realizar\u00e1 una revisi\u00f3n de la base emp\u00edrica que apoya el uso de intervenciones asistidas por animales en contextos sociosanitarios y educativos para distintos colectivos de riesgo. Este curso, que se celebrar\u00e1 en el aula 4 de la Casa Palacio de Los Briones, comenzar\u00e1 a las 11,00 horas con la conferencia \u201cConcepto, clasificaci\u00f3n y estado actual en Espa\u00f1a de las IAA\u201d y continuar\u00e1 a las 15,30 con la ponencia \u201cEficacia y eficiencia de las IAA en la literatura cient\u00edfica\u201d, ambas ofrecidas por Javier L\u00f3pez-Cepero, doctor de la Universidad de Sevilla y miembro de la Asociaci\u00f3n INTAP. A continuaci\u00f3n, a las 18,00 horas, tendr\u00e1 lugar la mesa redonda \u201cAnimales de elecci\u00f3n para distintos contextos\u201d en la que participar\u00e1n Arcadio Tejada Rold\u00e1n, de la Asociaci\u00f3n INTAP y el director acad\u00e9mico del curso, Jos\u00e9 Luis Sarasola.<\/p>\n<p>El tercer curso de verano que se inaugura es <strong>\u201cLa nueva mirada al futuro: realidad aumentada y wearable technology (Google Glass)\u201d<\/strong>, coordinado por Juan \u00c1ngel J\u00f3dar Mar\u00edn, director de Postgrado de la Escuela CEADE Leonardo, y que ofrecer\u00e1 una reflexi\u00f3n acad\u00e9mica y profesional acerca de la realidad aumentada y el desarrollo de dispositivos de tecnolog\u00eda \u201cponible\u201d (wearable technology) que permiten combinar en un producto com\u00fan, como unas gafas o un reloj de pulsera, las prestaciones de un smartphone con la tecnolog\u00eda avanzada y predictiva de sistemas operativos por reconocimiento de voz, geolocalizaci\u00f3n y navegaci\u00f3n por Internet. Este curso se iniciar\u00e1 a las 10,30 horas en el aula 1 de la Casa Palacio de Los Briones con la conferencia \u201cGoogle Glass, el presente de un negocio actual y futuro\u201d, impartida por Javier Ortiz\u00e1 Palomares, CEO en Innoarea Design Consulting, y continuar\u00e1 a las 12,30 horas con la ponencia \u201cLa RA en rutas tur\u00edsticas virtuales interactivas. GUIDEO: la primera app tur\u00edstica desarrollada con RA\u201d que ser\u00e1 ofrecida por Nadia Cervera Orti y Luis L\u00f3pez Lainez, cofundadores de esta aplicaci\u00f3n. Por la tarde, se celebrar\u00e1 una charla-taller conducida por Pedro S\u00e1nchez, director del \u00e1rea de negocios de Forma Animada y que se titula \u201cLa realidad aumentada: un nuevo mundo entre lo f\u00edsico y lo virtual. Claves de su evoluci\u00f3n en \u00e1mbitos como el marketing, la educaci\u00f3n y el sector industrial\u201d.<\/p>\n<p>Por \u00faltimo,\u00a0 contin\u00faa celebr\u00e1ndose en el Hotel Alc\u00e1zar de la Reina de Carmona el curso <strong>\u201cIntroducci\u00f3n al m\u00e9todo Pilates\u201d<\/strong>, un seminario que durante toda la semana est\u00e1 introduciendo los principios de este sistema de entrenamiento de fuerza y explicando a los alumnos c\u00f3mo puede ayudarles su pr\u00e1ctica regular. La jornada de hoy comenzar\u00e1 con la conferencia \u201c\u00bfA qu\u00e9 se le llama pre-Pilates? Ejercicios pre-pilates\u201d impartida por \u00c1frica Hidalgo, entrenadora personal y directora acad\u00e9mica del seminario, y Ainara Mart\u00ednez, entrenadora personal y directora de la Escuela de Formaci\u00f3n Energ\u00eda Pilates. Posteriormente, a las 13,00 horas, ambas docentes dirigir\u00e1n el taller \u201cPr\u00e1ctica de los ejercicios que conforman el pre-pilates\u201d. Por la tarde, a las 16,30 horas, habr\u00e1 un segundo taller denominado \u201cPsicomotricidad aplicada al m\u00e9todo Pilates\u201d que estar\u00e1 a cargo de Tatiana Mart\u00edn, educadora de disminuidos ps\u00edquicos y monitora de nataci\u00f3n para la ONCE.<\/p>\n<p><b>VERANO CULTURAL 2014<\/b><\/p>\n<p>El Teatro Cerezo de Carmona (Paseo del Estatuto, s\/n) acoger\u00e1 hoy a las 21,00 horas la representaci\u00f3n de la zarzuela <strong>\u2018El d\u00fao de la Africana\u2019<\/strong>, de la Compa\u00f1\u00eda Sevillana de Zarzuela, un evento incluido dentro de la agenda del verano cultural 2014, organizado por la sede de la Universidad Pablo de Olavide en Carmona y la Delegaci\u00f3n de Cultura y de Patrimonio Hist\u00f3rico y Turismo del Ayuntamiento de Carmona.<\/p>\n<p>La Compa\u00f1\u00eda Sevillana de Zarzuela es una entidad cultural que nace en 2009 en el seno de la Universidad de Sevilla y cuyo proyecto socio cultural se traduce en la generaci\u00f3n de recursos monetarios que son donados a diferentes instituciones solidarias de Andaluc\u00eda. En esta ocasi\u00f3n, la colaboraci\u00f3n ser\u00e1 a favor del economato social de Carmona, destinado a personas con escasos recursos para que puedan adquirir art\u00edculos de primera necesidad a precios asequibles.<\/p>\n<p>Las entradas pueden adquirirse de forma anticipada en la sede Olavide en Carmona o en la Oficina de Turismo y las restantes se pondr\u00e1n a la venta en la taquilla del teatro, de 19 a 21 horas, ma\u00f1ana d\u00eda 17 de julio.<\/p>\n","protected":false},"excerpt":{"rendered":"<p>La periodista Soledad Gallego D\u00edaz abre el curso de verano \u201cEl control de los poderes pol\u00edticos, econ\u00f3micos y financieros sobre los medios de comunicaci\u00f3n\u201d con la conferencia inaugural \u201c\u00bfLos poderes pol\u00edticos, econ\u00f3micos y financieros controlan y mandan sobre los medios de comunicaci\u00f3n?\u201d. <\/p>\n","protected":false},"author":9,"featured_media":0,"comment_status":"closed","ping_status":"open","sticky":false,"template":"","format":"standard","meta":{"_monsterinsights_skip_tracking":false,"_monsterinsights_sitenote_active":false,"_monsterinsights_sitenote_note":"","_monsterinsights_sitenote_category":0,"footnotes":""},"categories":[6],"tags":[23,350,22,349,1657,491],"class_list":["post-4807355","post","type-post","status-publish","format-standard","hentry","category-institucional","tag-carmona","tag-comunicacion","tag-cursos-de-verano","tag-inauguracion","tag-universidad-pablo-de-olavide","tag-upo"],"_links":{"self":[{"href":"https:\/\/www.upo.es\/diario\/wp-json\/wp\/v2\/posts\/4807355","targetHints":{"allow":["GET"]}}],"collection":[{"href":"https:\/\/www.upo.es\/diario\/wp-json\/wp\/v2\/posts"}],"about":[{"href":"https:\/\/www.upo.es\/diario\/wp-json\/wp\/v2\/types\/post"}],"author":[{"embeddable":true,"href":"https:\/\/www.upo.es\/diario\/wp-json\/wp\/v2\/users\/9"}],"replies":[{"embeddable":true,"href":"https:\/\/www.upo.es\/diario\/wp-json\/wp\/v2\/comments?post=4807355"}],"version-history":[{"count":7,"href":"https:\/\/www.upo.es\/diario\/wp-json\/wp\/v2\/posts\/4807355\/revisions"}],"predecessor-version":[{"id":4836227,"href":"https:\/\/www.upo.es\/diario\/wp-json\/wp\/v2\/posts\/4807355\/revisions\/4836227"}],"wp:attachment":[{"href":"https:\/\/www.upo.es\/diario\/wp-json\/wp\/v2\/media?parent=4807355"}],"wp:term":[{"taxonomy":"category","embeddable":true,"href":"https:\/\/www.upo.es\/diario\/wp-json\/wp\/v2\/categories?post=4807355"},{"taxonomy":"post_tag","embeddable":true,"href":"https:\/\/www.upo.es\/diario\/wp-json\/wp\/v2\/tags?post=4807355"}],"curies":[{"name":"wp","href":"https:\/\/api.w.org\/{rel}","templated":true}]}}