{"id":4821180,"date":"2014-07-16T22:30:18","date_gmt":"2014-07-16T22:30:18","guid":{"rendered":"https:\/\/www.upo.es\/diario\/?p=4821180"},"modified":"2014-07-17T08:00:30","modified_gmt":"2014-07-17T08:00:30","slug":"la-mediacion-en-el-ambito-escolar-cada-vez-mas-frecuente-para-prevenir-la-conflictividad","status":"publish","type":"post","link":"https:\/\/www.upo.es\/diario\/cursos-verano\/2014\/07\/la-mediacion-en-el-ambito-escolar-cada-vez-mas-frecuente-para-prevenir-la-conflictividad\/","title":{"rendered":"La mediaci\u00f3n en el \u00e1mbito escolar, cada vez m\u00e1s frecuente para prevenir la conflictividad"},"content":{"rendered":"<figure id=\"attachment_4821181\" aria-describedby=\"caption-attachment-4821181\" style=\"width: 320px\" class=\"wp-caption alignright\"><a href=\"https:\/\/www.upo.es\/diario\/wp-content\/uploads\/2014\/07\/Rocio-Navarro1.jpg\"><img loading=\"lazy\" decoding=\"async\" class=\"size-medium wp-image-4821181\" alt=\"Roc\u00edo Navarro\" src=\"https:\/\/www.upo.es\/diario\/wp-content\/uploads\/2014\/07\/Rocio-Navarro1-320x213.jpg\" width=\"320\" height=\"213\" srcset=\"https:\/\/www.upo.es\/diario\/wp-content\/uploads\/2014\/07\/Rocio-Navarro1-320x213.jpg 320w, https:\/\/www.upo.es\/diario\/wp-content\/uploads\/2014\/07\/Rocio-Navarro1-600x399.jpg 600w, https:\/\/www.upo.es\/diario\/wp-content\/uploads\/2014\/07\/Rocio-Navarro1.jpg 653w\" sizes=\"auto, (max-width: 320px) 100vw, 320px\" \/><\/a><figcaption id=\"caption-attachment-4821181\" class=\"wp-caption-text\">Roc\u00edo Navarro<\/figcaption><\/figure>\n<p><strong>Roc\u00edo Navarro<\/strong>, experta en mediaci\u00f3n familiar y profesora de la Universidad Pablo de Olavide, ha destacado hoy la importancia que la mediaci\u00f3n est\u00e1 adquiriendo en el \u00e1mbito escolar:<strong> \u201cen la actualidad son cada vez m\u00e1s los programas de mediaci\u00f3n educativa que se aplican en institutos y colegios dada la enorme conflictividad que se produce entre los miembros de la comunidad educativa\u201d<\/strong>.<\/p>\n<p>Estas declaraciones han ido realizadas hoy en el <strong>\u201cTaller sobre casos pr\u00e1cticos y habilidades en mediaci\u00f3n\u201d<\/strong> que se est\u00e1 realizando en el marco de cursos de verano que la Universidad Pablo de Olavide organiza en su sede de Carmona y en el que ha impartido la ponencia \u201cEl mediador como gestor de conflictos: \u00bfun nuevo perfil profesional?\u201d.<\/p>\n<p>Adem\u00e1s del \u00e1mbito escolar, Roc\u00edo Navarro considera que la mediaci\u00f3n puede aplicarse a cualquier sector que tenga partes enfrentadas, resaltando el entorno familiar, el laboral, el empresarial, as\u00ed como el de las comunidades de vecinos y los menores infractores. En este \u00faltimo caso, \u201ccomo alternativa al sistema penal tradicional, facilita la reeducaci\u00f3n y la reinserci\u00f3n del menor\u201d.<\/p>\n<p>En lo referente a la mediaci\u00f3n familiar, Navarro se detiene algo m\u00e1s, ya que sostiene que es en este sector en el que se obtienen m\u00e1s beneficios, a\u00fan cuando las partes no lleguen a acuerdo. \u201cEl hecho de que las partes puedan trabajar y gestionar el conflicto supone un efecto ya beneficioso porque conlleva un cambio de actitud\u201d. Los conflictos m\u00e1s habituales en este terreno son las crisis matrimoniales, los problemas entre padres e hijos, etc.<\/p>\n<p>En esta l\u00ednea, la profesora universitaria recuerda un caso en el que una abuela no consegu\u00eda estar con su nieto tras el divorcio de su hijo. Interpuso varias denuncias con el gasto econ\u00f3mico y el desgaste emocional que eso supone y no lograba su objetivo. Finalmente y gracias a un proceso de mediaci\u00f3n, la que fuera su nuera y ella comprendieron la necesidad de estudiar c\u00f3mo permitir que el menor pudiera disfrutar de lo que merec\u00eda, seg\u00fan ha relatado.<\/p>\n<p>Roc\u00edo Navarro define la mediaci\u00f3n como \u201cuna actitud en la gesti\u00f3n de los conflictos que permite minimizar las disfunciones y maximizar los aspectos positivos\u201d. Para Navarro, el mediador debe actuar de manera imparcial y neutral con el fin de ayudar a los mediados a obtener un acuerdo satisfactorio.<\/p>\n<p>El buen mediador, contin\u00faa la experta, debe ser abierto, inteligente, paciente, ingenioso, h\u00e1bil, honesto, observador, creativo, emp\u00e1tico, flexible, neutral, con buen car\u00e1cter; del mismo modo, ha de tener habilidades suficientes para manejar de manera adecuada las emociones y tensiones que tengan lugar en un conflicto, as\u00ed como dominar t\u00e9cnicas de comunicaci\u00f3n verbal y no verbal, entre otras.<\/p>\n<p>Adem\u00e1s de los requisitos del buen mediador, Navarro incide en la necesidad de una buena\u00a0 formaci\u00f3n de la persona que interceda en los conflictos. Seg\u00fan la Ley Reguladora de la Mediaci\u00f3n Familiar, esta profesi\u00f3n podr\u00e1 ser desarrollada por personas con titulaci\u00f3n universitaria o t\u00edtulo de grado en las disciplinas de Derecho, Psicolog\u00eda, Psicopedagog\u00eda, Sociolog\u00eda, Pedagog\u00eda, Trabajo Social o Educaci\u00f3n Social. Es, como podemos ver, una disciplina que se despliega en m\u00faltiples \u00e1mbitos profesionales y sociales.<\/p>\n<p>Por \u00faltimo, la experta nos cuenta las ventajas de mediar para resolver un conflicto. Seg\u00fan Navarro, debemos destacar su car\u00e1cter voluntario, as\u00ed como la participaci\u00f3n activa de las partes y la responsabilidad directa de \u00e9stas en llegar a un acuerdo. Para que esto suceda, sigue la profesora universitaria, el mediador debe generar el clima necesario para favorecer que las personas en conflicto expresen sus necesidades e intereses. Del mismo modo, subraya \u201csu car\u00e1cter personal\u00edsimo, ya que\u00a0 en un proceso de mediaci\u00f3n las personas est\u00e1n obligadas a asistir a las sesiones. Otras ventajas evidentes son la flexibilidad y la rapidez frente a un proceso judicial tradicional\u201d, concluye Roc\u00edo Navarro.<\/p>\n","protected":false},"excerpt":{"rendered":"<p>Roc\u00edo Navarro, experta en mediaci\u00f3n familiar y profesora de la Universidad Pablo de Olavide, ha destacado hoy la importancia que la mediaci\u00f3n est\u00e1 adquiriendo en el \u00e1mbito escolar: \u201cen la actualidad son cada vez m\u00e1s los programas de mediaci\u00f3n educativa que se aplican en institutos y colegios dada la enorme conflictividad que se produce entre los miembros de la comunidad educativa\u201d.<\/p>\n","protected":false},"author":9,"featured_media":4821182,"comment_status":"closed","ping_status":"open","sticky":false,"template":"","format":"standard","meta":{"_monsterinsights_skip_tracking":false,"_monsterinsights_sitenote_active":false,"_monsterinsights_sitenote_note":"","_monsterinsights_sitenote_category":0,"footnotes":""},"categories":[729],"tags":[23,22,157,1673,1657,491],"class_list":["post-4821180","post","type-post","status-publish","format-standard","has-post-thumbnail","hentry","category-cursos-verano","tag-carmona","tag-cursos-de-verano","tag-mediacion","tag-rocio-navarro","tag-universidad-pablo-de-olavide","tag-upo"],"_links":{"self":[{"href":"https:\/\/www.upo.es\/diario\/wp-json\/wp\/v2\/posts\/4821180","targetHints":{"allow":["GET"]}}],"collection":[{"href":"https:\/\/www.upo.es\/diario\/wp-json\/wp\/v2\/posts"}],"about":[{"href":"https:\/\/www.upo.es\/diario\/wp-json\/wp\/v2\/types\/post"}],"author":[{"embeddable":true,"href":"https:\/\/www.upo.es\/diario\/wp-json\/wp\/v2\/users\/9"}],"replies":[{"embeddable":true,"href":"https:\/\/www.upo.es\/diario\/wp-json\/wp\/v2\/comments?post=4821180"}],"version-history":[{"count":2,"href":"https:\/\/www.upo.es\/diario\/wp-json\/wp\/v2\/posts\/4821180\/revisions"}],"predecessor-version":[{"id":4821184,"href":"https:\/\/www.upo.es\/diario\/wp-json\/wp\/v2\/posts\/4821180\/revisions\/4821184"}],"wp:featuredmedia":[{"embeddable":true,"href":"https:\/\/www.upo.es\/diario\/wp-json\/wp\/v2\/media\/4821182"}],"wp:attachment":[{"href":"https:\/\/www.upo.es\/diario\/wp-json\/wp\/v2\/media?parent=4821180"}],"wp:term":[{"taxonomy":"category","embeddable":true,"href":"https:\/\/www.upo.es\/diario\/wp-json\/wp\/v2\/categories?post=4821180"},{"taxonomy":"post_tag","embeddable":true,"href":"https:\/\/www.upo.es\/diario\/wp-json\/wp\/v2\/tags?post=4821180"}],"curies":[{"name":"wp","href":"https:\/\/api.w.org\/{rel}","templated":true}]}}