{"id":48219,"date":"2012-12-18T14:29:22","date_gmt":"2012-12-18T13:29:22","guid":{"rendered":"https:\/\/www.upo.es\/diario\/?p=48219"},"modified":"2012-12-20T13:30:48","modified_gmt":"2012-12-20T12:30:48","slug":"firma-de-un-acuerdo-general-de-colaboracion-entre-la-universidad-pablo-de-olavide-y-telefonica","status":"publish","type":"post","link":"https:\/\/www.upo.es\/diario\/institucional\/2012\/12\/firma-de-un-acuerdo-general-de-colaboracion-entre-la-universidad-pablo-de-olavide-y-telefonica\/","title":{"rendered":"Firma de un acuerdo general de colaboraci\u00f3n entre la Universidad Pablo de Olavide y Telef\u00f3nica"},"content":{"rendered":"<figure id=\"attachment_48220\" aria-describedby=\"caption-attachment-48220\" style=\"width: 300px\" class=\"wp-caption alignright\"><a href=\"https:\/\/www.upo.es\/diario\/institucional\/2012\/12\/18\/firma-de-un-acuerdo-general-de-colaboracion-entre-la-universidad-pablo-de-olavide-y-telefonica\/attachment\/1218_1g\/\" rel=\"attachment wp-att-48220\"><img loading=\"lazy\" decoding=\"async\" class=\"size-medium wp-image-48220\" alt=\"El rector Vicente Guzm\u00e1n y la directora del Territorio Sur de Telef\u00f3nica Espa\u00f1a, M\u00aa Jes\u00fas Almazor, han suscrito hoy este convenio \" src=\"https:\/\/www.upo.es\/diario\/wp-content\/uploads\/2012\/12\/1218_1g-300x194.jpg\" width=\"300\" height=\"194\" srcset=\"https:\/\/www.upo.es\/diario\/wp-content\/uploads\/2012\/12\/1218_1g-300x194.jpg 300w, https:\/\/www.upo.es\/diario\/wp-content\/uploads\/2012\/12\/1218_1g-1024x663.jpg 1024w, https:\/\/www.upo.es\/diario\/wp-content\/uploads\/2012\/12\/1218_1g-600x389.jpg 600w\" sizes=\"auto, (max-width: 300px) 100vw, 300px\" \/><\/a><figcaption id=\"caption-attachment-48220\" class=\"wp-caption-text\">El rector Vicente Guzm\u00e1n y la directora del Territorio Sur de Telef\u00f3nica Espa\u00f1a, M\u00aa Jes\u00fas Almazor, han suscrito hoy este convenio<\/figcaption><\/figure>\n<p>El rector de la Universidad Pablo de Olavide, Vicente Guzm\u00e1n Fluja, y la directora del Territorio Sur de Telef\u00f3nica Espa\u00f1a, Mar\u00eda Jes\u00fas Almazor, han suscrito este mediod\u00eda un protocolo general de colaboraci\u00f3n cuyo principal objetivo es establecer una alianza estrat\u00e9gica entre ambas instituciones, abordando el dise\u00f1o de un plan director de ahorro integral que permita la reasignaci\u00f3n eficiente del mismo hacia inversiones destinadas a la mejora e innovaci\u00f3n de los servicios tecnol\u00f3gicos en la Universidad Pablo de Olavide.<\/p>\n<p>En virtud de este acuerdo general de colaboraci\u00f3n, se desarrollar\u00e1n proyectos y actividades conjuntas entre ambas instituciones en el \u00e1rea formativa y de investigaci\u00f3n, as\u00ed como en actividades pr\u00e1cticas dirigidas a los estudiantes universitarios.<\/p>\n<p>Tanto el rector de la Universidad Pablo de Olavide como la directora del Territorio Sur de Telef\u00f3nica Espa\u00f1a han subrayado que con este protocolo general de colaboraci\u00f3n se inicia un proceso de colaboraci\u00f3n mutua.<\/p>\n","protected":false},"excerpt":{"rendered":"<p>El rector de la Universidad Pablo de Olavide, Vicente Guzm\u00e1n Fluja, y la directora del Territorio Sur de Telef\u00f3nica Espa\u00f1a, Mar\u00eda Jes\u00fas Almazor, han suscrito este mediod\u00eda un protocolo general de colaboraci\u00f3n cuyo principal objetivo es establecer una alianza estrat\u00e9gica entre ambas instituciones, abordando el dise\u00f1o de un plan director de ahorro integral que permita la reasignaci\u00f3n eficiente del mismo hacia inversiones destinadas a la mejora e innovaci\u00f3n de los servicios tecnol\u00f3gicos en la Universidad Pablo de Olavide.<\/p>\n","protected":false},"author":6,"featured_media":0,"comment_status":"closed","ping_status":"open","sticky":false,"template":"","format":"standard","meta":{"_monsterinsights_skip_tracking":false,"_monsterinsights_sitenote_active":false,"_monsterinsights_sitenote_note":"","_monsterinsights_sitenote_category":0,"footnotes":""},"categories":[6],"tags":[38],"class_list":["post-48219","post","type-post","status-publish","format-standard","hentry","category-institucional","tag-rector"],"_links":{"self":[{"href":"https:\/\/www.upo.es\/diario\/wp-json\/wp\/v2\/posts\/48219","targetHints":{"allow":["GET"]}}],"collection":[{"href":"https:\/\/www.upo.es\/diario\/wp-json\/wp\/v2\/posts"}],"about":[{"href":"https:\/\/www.upo.es\/diario\/wp-json\/wp\/v2\/types\/post"}],"author":[{"embeddable":true,"href":"https:\/\/www.upo.es\/diario\/wp-json\/wp\/v2\/users\/6"}],"replies":[{"embeddable":true,"href":"https:\/\/www.upo.es\/diario\/wp-json\/wp\/v2\/comments?post=48219"}],"version-history":[{"count":7,"href":"https:\/\/www.upo.es\/diario\/wp-json\/wp\/v2\/posts\/48219\/revisions"}],"predecessor-version":[{"id":59980,"href":"https:\/\/www.upo.es\/diario\/wp-json\/wp\/v2\/posts\/48219\/revisions\/59980"}],"wp:attachment":[{"href":"https:\/\/www.upo.es\/diario\/wp-json\/wp\/v2\/media?parent=48219"}],"wp:term":[{"taxonomy":"category","embeddable":true,"href":"https:\/\/www.upo.es\/diario\/wp-json\/wp\/v2\/categories?post=48219"},{"taxonomy":"post_tag","embeddable":true,"href":"https:\/\/www.upo.es\/diario\/wp-json\/wp\/v2\/tags?post=48219"}],"curies":[{"name":"wp","href":"https:\/\/api.w.org\/{rel}","templated":true}]}}