{"id":48223,"date":"2012-12-18T14:34:05","date_gmt":"2012-12-18T13:34:05","guid":{"rendered":"https:\/\/www.upo.es\/diario\/?p=48223"},"modified":"2012-12-20T13:30:48","modified_gmt":"2012-12-20T12:30:48","slug":"el-patronato-de-la-fundacion-conocimiento-y-cultura-aprueba-el-plan-de-actuacion-y-el-presupuesto-para-el-proximo-ano","status":"publish","type":"post","link":"https:\/\/www.upo.es\/diario\/institucional\/2012\/12\/el-patronato-de-la-fundacion-conocimiento-y-cultura-aprueba-el-plan-de-actuacion-y-el-presupuesto-para-el-proximo-ano\/","title":{"rendered":"El Patronato de la Fundaci\u00f3n Conocimiento y Cultura aprueba el Plan de Actuaci\u00f3n y el presupuesto para el pr\u00f3ximo a\u00f1o"},"content":{"rendered":"<figure id=\"attachment_48224\" aria-describedby=\"caption-attachment-48224\" style=\"width: 300px\" class=\"wp-caption alignright\"><a href=\"https:\/\/www.upo.es\/diario\/institucional\/2012\/12\/18\/el-patronato-de-la-fundacion-conocimiento-y-cultura-aprueba-el-plan-de-actuacion-y-el-presupuesto-para-el-proximo-ano\/attachment\/1218\/\" rel=\"attachment wp-att-48224\"><img loading=\"lazy\" decoding=\"async\" class=\"size-medium wp-image-48224\" alt=\"El Patronato de la Fundaci\u00f3n Conocimiento y Cultura, presidido por el rector\" src=\"https:\/\/www.upo.es\/diario\/wp-content\/uploads\/2012\/12\/1218-300x218.jpg\" width=\"300\" height=\"218\" srcset=\"https:\/\/www.upo.es\/diario\/wp-content\/uploads\/2012\/12\/1218-300x218.jpg 300w, https:\/\/www.upo.es\/diario\/wp-content\/uploads\/2012\/12\/1218-600x437.jpg 600w, https:\/\/www.upo.es\/diario\/wp-content\/uploads\/2012\/12\/1218.jpg 650w\" sizes=\"auto, (max-width: 300px) 100vw, 300px\" \/><\/a><figcaption id=\"caption-attachment-48224\" class=\"wp-caption-text\">El Patronato de la Fundaci\u00f3n Conocimiento y Cultura, presidido por el rector<\/figcaption><\/figure>\n<p>El Patronato de la Fundaci\u00f3n Conocimiento y Cultura, presidido por el rector de la Universidad Pablo de Olavide, Vicente Guzm\u00e1n Fluja, se reuni\u00f3 ayer para aprobar el Plan de Actuaci\u00f3n y el presupuesto correspondiente al pr\u00f3ximo a\u00f1o 2013. Asimismo, durante la reuni\u00f3n se present\u00f3 tambi\u00e9n el informe de gesti\u00f3n correspondiente al curso acad\u00e9mico 2011\/2012.<\/p>\n<p>De entre todas las actividades realizadas por la Fundaci\u00f3n en el pasado curso, durante la reuni\u00f3n se destacaron algunos proyectos de investigaci\u00f3n como el programa de ayudas para estancias acad\u00e9micas y de investigaci\u00f3n para profesores e investigadores de la UPO en Universidades de Estados Unidos y Canad\u00e1; proyectos sociales como la colaboraci\u00f3n con la red wifi de la Residencia Flora Trist\u00e1n o proyectos acad\u00e9micos como la aportaci\u00f3n de ayudas para cursar estudios de postgrado en la UPO o la beca para la realizaci\u00f3n de pr\u00e1cticas de comercio internacional en Iturri.<\/p>\n<p>Asimismo, tambi\u00e9n se resalt\u00f3 la financiaci\u00f3n de la III Simulaci\u00f3n del Congreso de los Diputados, una iniciativa creada para fomentar la participaci\u00f3n, la convivencia y los valores democr\u00e1ticos y el Torneo de Debate \u201cCon Acento 2012\u201d cuyo objetivo es poner en valor el talento, la capacidad y la formaci\u00f3n de los j\u00f3venes andaluces.<\/p>\n<p>Por otro lado, con respecto a los proyectos presentados para el pr\u00f3ximo a\u00f1o, la Fundaci\u00f3n Conocimiento y Cultura continuar\u00e1 en su l\u00ednea de fomento y promoci\u00f3n de la investigaci\u00f3n, las actividades acad\u00e9micas universitarias, el desarrollo de la infraestructura cient\u00edfica y el apoyo de la acci\u00f3n social y cultural en Andaluc\u00eda.<\/p>\n<p>Adem\u00e1s del rector, asistieron a esta reuni\u00f3n el secretario general de la Universidad Pablo de Olavide, Jos\u00e9 Antonio Colmenero, la vicepresidenta ejecutiva de la Fundaci\u00f3n, Ana G\u00f3mez P\u00e9rez, y representantes de las empresas e instituciones p\u00fablicas y privadas que componen el Patronato como Francisco Luis P\u00e9rez, delegado del distrito Triana del Ayuntamiento de Sevilla; Carmen Gil, del Ayuntamiento de Dos Hermanas; Lidio Ram\u00edrez, de la Empresa P\u00fablica del Suelo de Andaluc\u00eda; Luis Garc\u00eda de Tejada, de la Fundaci\u00f3n Valent\u00edn de Madariaga y Oya; Gin\u00e9s Pastor, de Iturri y Jos\u00e9 Castro, de la Fundaci\u00f3n Pers\u00e1n.<\/p>\n","protected":false},"excerpt":{"rendered":"<p>El Patronato de la Fundaci\u00f3n Conocimiento y Cultura, presidido por el rector de la Universidad Pablo de Olavide, Vicente Guzm\u00e1n Fluja, se reuni\u00f3 ayer para aprobar el Plan de Actuaci\u00f3n y el presupuesto correspondiente al pr\u00f3ximo a\u00f1o 2013. Asimismo, durante la reuni\u00f3n se present\u00f3 tambi\u00e9n el informe de gesti\u00f3n correspondiente al curso acad\u00e9mico 2011\/2012.<\/p>\n","protected":false},"author":6,"featured_media":0,"comment_status":"closed","ping_status":"open","sticky":false,"template":"","format":"standard","meta":{"_monsterinsights_skip_tracking":false,"_monsterinsights_sitenote_active":false,"_monsterinsights_sitenote_note":"","_monsterinsights_sitenote_category":0,"footnotes":""},"categories":[6],"tags":[47,56,38,55],"class_list":["post-48223","post","type-post","status-publish","format-standard","hentry","category-institucional","tag-fundaciones","tag-investigacion","tag-rector","tag-ru-flora-tristan"],"_links":{"self":[{"href":"https:\/\/www.upo.es\/diario\/wp-json\/wp\/v2\/posts\/48223","targetHints":{"allow":["GET"]}}],"collection":[{"href":"https:\/\/www.upo.es\/diario\/wp-json\/wp\/v2\/posts"}],"about":[{"href":"https:\/\/www.upo.es\/diario\/wp-json\/wp\/v2\/types\/post"}],"author":[{"embeddable":true,"href":"https:\/\/www.upo.es\/diario\/wp-json\/wp\/v2\/users\/6"}],"replies":[{"embeddable":true,"href":"https:\/\/www.upo.es\/diario\/wp-json\/wp\/v2\/comments?post=48223"}],"version-history":[{"count":7,"href":"https:\/\/www.upo.es\/diario\/wp-json\/wp\/v2\/posts\/48223\/revisions"}],"predecessor-version":[{"id":59979,"href":"https:\/\/www.upo.es\/diario\/wp-json\/wp\/v2\/posts\/48223\/revisions\/59979"}],"wp:attachment":[{"href":"https:\/\/www.upo.es\/diario\/wp-json\/wp\/v2\/media?parent=48223"}],"wp:term":[{"taxonomy":"category","embeddable":true,"href":"https:\/\/www.upo.es\/diario\/wp-json\/wp\/v2\/categories?post=48223"},{"taxonomy":"post_tag","embeddable":true,"href":"https:\/\/www.upo.es\/diario\/wp-json\/wp\/v2\/tags?post=48223"}],"curies":[{"name":"wp","href":"https:\/\/api.w.org\/{rel}","templated":true}]}}