{"id":4823077,"date":"2014-07-17T11:27:44","date_gmt":"2014-07-17T11:27:44","guid":{"rendered":"https:\/\/www.upo.es\/diario\/?p=4823077"},"modified":"2014-07-17T11:27:44","modified_gmt":"2014-07-17T11:27:44","slug":"los-periodistas-debemos-mantener-la-independencia-profesional-y-luchar-por-defenderla","status":"publish","type":"post","link":"https:\/\/www.upo.es\/diario\/cursos-verano\/2014\/07\/los-periodistas-debemos-mantener-la-independencia-profesional-y-luchar-por-defenderla\/","title":{"rendered":"\u201cLos periodistas debemos mantener la independencia profesional y luchar por defenderla\u201d"},"content":{"rendered":"<figure id=\"attachment_4823078\" aria-describedby=\"caption-attachment-4823078\" style=\"width: 320px\" class=\"wp-caption alignright\"><a href=\"https:\/\/www.upo.es\/diario\/wp-content\/uploads\/2014\/07\/Soledad-Gallego1.jpg\"><img loading=\"lazy\" decoding=\"async\" class=\"size-medium wp-image-4823078\" alt=\"Soledad Gallego\" src=\"https:\/\/www.upo.es\/diario\/wp-content\/uploads\/2014\/07\/Soledad-Gallego1-320x254.jpg\" width=\"320\" height=\"254\" srcset=\"https:\/\/www.upo.es\/diario\/wp-content\/uploads\/2014\/07\/Soledad-Gallego1-320x254.jpg 320w, https:\/\/www.upo.es\/diario\/wp-content\/uploads\/2014\/07\/Soledad-Gallego1-600x476.jpg 600w, https:\/\/www.upo.es\/diario\/wp-content\/uploads\/2014\/07\/Soledad-Gallego1.jpg 857w\" sizes=\"auto, (max-width: 320px) 100vw, 320px\" \/><\/a><figcaption id=\"caption-attachment-4823078\" class=\"wp-caption-text\">Soledad Gallego<\/figcaption><\/figure>\n<p>La periodista <strong>Soledad Gallego D\u00edaz<\/strong>, ha afirmado hoy que <strong>\u201clos periodistas tenemos la obligaci\u00f3n de mantener la \u00a0independencia profesional y tenemos que luchar por defenderla\u201d<\/strong> a pesar de la situaci\u00f3n actual. Gallego considera que cuanto menos trabajo existe en el sector period\u00edstico, m\u00e1s dif\u00edcil es mantener esa independencia; sin embargo, el periodista no debe dejarse afectar por esta situaci\u00f3n.<\/p>\n<p>Soledad ha realizado hoy estas declaraciones con motivo de la inauguraci\u00f3n del curso <strong>\u201cEl control de los poderes pol\u00edticos, econ\u00f3micos y financieros sobre los medios de comunicaci\u00f3n\u201d<\/strong> que se est\u00e1 realizando en el marco de los cursos de verano que la Universidad Pablo de Olavide celebra cada a\u00f1o en su sede de Carmona, y donde ha impartido su conferencia \u201c\u00bfLos poderes pol\u00edticos, econ\u00f3micos y financieros controlan y mandan sobre los medios de comunicaci\u00f3n?\u201d.<\/p>\n<p>Seg\u00fan la periodista, los medios est\u00e1n haciendo frente a una doble crisis; por un lado, a la econ\u00f3mica que supone un \u201crecorte brutal\u201d en publicidad, y por otro lado a la de adaptaci\u00f3n de los antiguos medios a las nuevas tecnolog\u00edas. Todo esto provoca que la situaci\u00f3n econ\u00f3mica de dichos medios sea muy delicada.<\/p>\n<p>En opini\u00f3n de Gallego, estamos asistiendo a un incremento del\u00a0 control\u00a0 por parte de los poderes pol\u00edticos, econ\u00f3micos y financieros motivado por la crisis econ\u00f3mica actual. Dicha crisis ha provocado que los conglomerados de prensa tengan problemas econ\u00f3micos: \u201ca m\u00e1s problemas econ\u00f3micos, menos independiente eres\u201d. Sin embargo, contin\u00faa la periodista,\u00a0 dichos poderes intentan y han intentado controlar siempre: \u201cunas veces con m\u00e1s capacidad para hacerlo que otras, pero intentarlo lo han intentado siempre. Depende de las circunstancias de cada momento que consigan tener m\u00e1s o menos influencia\u201d, puntualiza.<\/p>\n<p>La que fuera directora adjunta de El Pa\u00eds no se muestra alarmada ante una posible p\u00e9rdida de libertad de expresi\u00f3n en los medios privados, aunque manifiesta que en los medios p\u00fablicos y en la calle este derecho tan preciado parece estar siendo olvidado. Para solucionar esta situaci\u00f3n Gallego propone b\u00e1sicamente dos medidas; en primer lugar, garantizar la independencia de los medios p\u00fablicos, y en segundo lugar velar porque exista pluralidad en los medios privados. \u201cEst\u00e1 bien que cada uno defienda, desde el punto de vista editorial,\u00a0 lo que cree, pero deben existir bastantes medios para ello y cada vez hay menos.\u201d<\/p>\n<p>En lo referente a la misi\u00f3n del periodista frente a esta situaci\u00f3n, Soledad Gallego insiste en que los profesionales de la comunicaci\u00f3n deben defender en conjunto la profesionalidad de su trabajo en las redacciones. \u201cAl margen de la propiedad, lo que debe existir son periodistas que se pongan de acuerdo para defender su trabajo dentro de la redacci\u00f3n, de forma que la capacidad de influencia de la propiedad sea relativa\u201d. Y contin\u00faa: \u201clos periodistas tienen unos c\u00f3digos \u00e9ticos que cumplir y deben exigir que se lleven a cabo en su trabajo profesional, independientemente de que el peri\u00f3dico defienda editorialmente una posici\u00f3n u otra.\u201d<\/p>\n<p>Finalmente, Gallego D\u00edaz reflexiona sobre el papel que algunos periodistas asumen en los debates pol\u00edticos de televisi\u00f3n, y en los que m\u00e1s que periodistas parecen pol\u00edticos. \u201cLos periodistas hemos entrado en un mundo del espect\u00e1culo del que no deber\u00edamos participar porque somos profesionales de la informaci\u00f3n\u201d. As\u00ed pues, Soledad Gallego considera poco adecuado que los periodistas se presenten como portavoces de partidos pol\u00edticos, ya que dichos partidos tienen portavoces y medios propios para defender opiniones y posiciones. \u201cLos periodistas deben estar preguntando a los pol\u00edticos, no respondiendo a ellos\u201d, concluye Gallego.<\/p>\n<p>&nbsp;<\/p>\n","protected":false},"excerpt":{"rendered":"<p>La periodista Soledad Gallego D\u00edaz, ha afirmado hoy que \u201clos periodistas tenemos la obligaci\u00f3n de mantener la  independencia profesional y tenemos que luchar por defenderla\u201d a pesar de la situaci\u00f3n actual. Gallego considera que cuanto menos trabajo existe en el sector period\u00edstico, m\u00e1s dif\u00edcil es mantener esa independencia; sin embargo, el periodista no debe dejarse afectar por esta situaci\u00f3n.<\/p>\n","protected":false},"author":9,"featured_media":4823079,"comment_status":"closed","ping_status":"open","sticky":false,"template":"","format":"standard","meta":{"_monsterinsights_skip_tracking":false,"_monsterinsights_sitenote_active":false,"_monsterinsights_sitenote_note":"","_monsterinsights_sitenote_category":0,"footnotes":""},"categories":[729],"tags":[23,22,1674,1657,491],"class_list":["post-4823077","post","type-post","status-publish","format-standard","has-post-thumbnail","hentry","category-cursos-verano","tag-carmona","tag-cursos-de-verano","tag-soledad-gallego","tag-universidad-pablo-de-olavide","tag-upo"],"_links":{"self":[{"href":"https:\/\/www.upo.es\/diario\/wp-json\/wp\/v2\/posts\/4823077","targetHints":{"allow":["GET"]}}],"collection":[{"href":"https:\/\/www.upo.es\/diario\/wp-json\/wp\/v2\/posts"}],"about":[{"href":"https:\/\/www.upo.es\/diario\/wp-json\/wp\/v2\/types\/post"}],"author":[{"embeddable":true,"href":"https:\/\/www.upo.es\/diario\/wp-json\/wp\/v2\/users\/9"}],"replies":[{"embeddable":true,"href":"https:\/\/www.upo.es\/diario\/wp-json\/wp\/v2\/comments?post=4823077"}],"version-history":[{"count":1,"href":"https:\/\/www.upo.es\/diario\/wp-json\/wp\/v2\/posts\/4823077\/revisions"}],"predecessor-version":[{"id":4823080,"href":"https:\/\/www.upo.es\/diario\/wp-json\/wp\/v2\/posts\/4823077\/revisions\/4823080"}],"wp:featuredmedia":[{"embeddable":true,"href":"https:\/\/www.upo.es\/diario\/wp-json\/wp\/v2\/media\/4823079"}],"wp:attachment":[{"href":"https:\/\/www.upo.es\/diario\/wp-json\/wp\/v2\/media?parent=4823077"}],"wp:term":[{"taxonomy":"category","embeddable":true,"href":"https:\/\/www.upo.es\/diario\/wp-json\/wp\/v2\/categories?post=4823077"},{"taxonomy":"post_tag","embeddable":true,"href":"https:\/\/www.upo.es\/diario\/wp-json\/wp\/v2\/tags?post=4823077"}],"curies":[{"name":"wp","href":"https:\/\/api.w.org\/{rel}","templated":true}]}}