{"id":4840030,"date":"2014-07-18T12:56:35","date_gmt":"2014-07-18T12:56:35","guid":{"rendered":"https:\/\/www.upo.es\/diario\/?p=4840030"},"modified":"2014-07-21T09:53:01","modified_gmt":"2014-07-21T09:53:01","slug":"toma-de-posesion-de-funcionarios-de-carrera-de-la-escala-administrativa-de-la-upo","status":"publish","type":"post","link":"https:\/\/www.upo.es\/diario\/institucional\/2014\/07\/toma-de-posesion-de-funcionarios-de-carrera-de-la-escala-administrativa-de-la-upo\/","title":{"rendered":"Toma de posesi\u00f3n de funcionarios de carrera de la escala administrativa de la UPO"},"content":{"rendered":"<p>Hoy viernes ha tenido lugar en el Paraninfo de la Universidad Pablo de Olavide, el acto de toma de posesi\u00f3n de 31 funcionarios de carrera de la escala administrativa de la Universidad Pablo de Olavide. La toma de posesi\u00f3n de los funcionarios ha estado presidida por el rector Vicente Guzm\u00e1n.<\/p>\n<figure id=\"attachment_4840031\" aria-describedby=\"caption-attachment-4840031\" style=\"width: 600px\" class=\"wp-caption alignright\"><a href=\"https:\/\/www.upo.es\/diario\/wp-content\/uploads\/2014\/07\/Grupo3.jpg\"><img loading=\"lazy\" decoding=\"async\" class=\"size-large wp-image-4840031 \" alt=\"Toma de posesi\u00f3n de 31 funcionarios de carrera de la escala administrativa de la Universidad Pablo de Olavide\" src=\"https:\/\/www.upo.es\/diario\/wp-content\/uploads\/2014\/07\/Grupo3-600x400.jpg\" width=\"600\" height=\"400\" srcset=\"https:\/\/www.upo.es\/diario\/wp-content\/uploads\/2014\/07\/Grupo3-600x400.jpg 600w, https:\/\/www.upo.es\/diario\/wp-content\/uploads\/2014\/07\/Grupo3-320x213.jpg 320w\" sizes=\"auto, (max-width: 600px) 100vw, 600px\" \/><\/a><figcaption id=\"caption-attachment-4840031\" class=\"wp-caption-text\">Toma de posesi\u00f3n de 31 funcionarios de carrera de la escala administrativa de la Universidad Pablo de Olavide<\/figcaption><\/figure>\n<p>Los nuevos administrativos de la UPO son:<\/p>\n<p>ALBERTO CASTA\u00d1O, MARTA<\/p>\n<p>ARIAS SIERRA, MARIA ASUNCION<\/p>\n<p>BENZAQUEN GUTIERREZ, YOLANDA<\/p>\n<p>BERRAQUERO RAYA, MIRIAN JES\u00daS<\/p>\n<p>CEBALLOS M\u00c9NDEZ, FRANCISCO JES\u00daS<\/p>\n<p>ESCOBAR VARGAS, ANA<\/p>\n<p>FERNANDEZ DE ALBA, MAR\u00cdA LU\u00cdSA<\/p>\n<p>FIOL GARCIA DE LA BORBOLLA, JACOBO MARIA<\/p>\n<p>GALVAN RINCON, MARIA FERNANDA<\/p>\n<p>GARC\u00cdA SIERRA, CARMEN<\/p>\n<p>GARZ\u00d3N BENEDICTO, MAR\u00cdA BEL\u00c9N<\/p>\n<p>HUELVA PRIOR, CRISTINA<\/p>\n<p>IGLESIAS RODRIGUEZ, JULIO<\/p>\n<p>JIMENEZ BARBERO, ISABEL GRACIA<\/p>\n<p>LEON TEJERA, MAR\u00cdA DEL CARMEN DE<\/p>\n<p>MARQUEZ MOLINA, MAR\u00cdA ELENA<\/p>\n<p>MART\u00cdN CARRASCO, FRANCISCO JAVIER<\/p>\n<p>MART\u00cdN MESA, IN\u00c9S MAR\u00cdA<\/p>\n<p>MART\u00cdNEZ L\u00d3PEZ, ROSA MAR\u00cdA<\/p>\n<p>MOLINA BAENA, ANA MAR\u00cdA<\/p>\n<p>MORENO MART\u00cdN, MAR\u00cdA DOLORES<\/p>\n<p>MORENO MAUDO, MAR\u00cdA JES\u00daS<\/p>\n<p>NAVARRO ANDRA, ISABEL MAR\u00cdA<\/p>\n<p>OBISPO GARC\u00cdA, RAQUEL<\/p>\n<p>PALACIOS P\u00c9REZ, MAR\u00cdA ASUNCI\u00d3N<\/p>\n<p>PASCUAL DEL POBIL PASCUAL DEL POBIL, ISABEL<\/p>\n<p>RAMOS GANDUL, MAR\u00cdA SORAYA<\/p>\n<p>RIVERA GOMEZ, MARGARITA ISABEL<\/p>\n<p>ROMERO VARO, MARIA DEL VALLE<\/p>\n<p>S\u00c1NCHEZ VELA, MAR\u00cdA AMPARO<\/p>\n<p>SOTO BAQUERO, FRANCISCO JOSE<\/p>\n","protected":false},"excerpt":{"rendered":"<p>Acto de toma de posesi\u00f3n de 31 funcionarios de carrera de la escala administrativa de la Universidad Pablo de Olavide. La toma de posesi\u00f3n de los funcionarios ha estado presidida por el rector Vicente Guzm\u00e1n.<\/p>\n","protected":false},"author":9,"featured_media":0,"comment_status":"closed","ping_status":"open","sticky":false,"template":"","format":"standard","meta":{"_monsterinsights_skip_tracking":false,"_monsterinsights_sitenote_active":false,"_monsterinsights_sitenote_note":"","_monsterinsights_sitenote_category":0,"footnotes":""},"categories":[6],"tags":[784,1684,685,1657,491],"class_list":["post-4840030","post","type-post","status-publish","format-standard","hentry","category-institucional","tag-funcionarios","tag-paraninfo","tag-toma-de-posesion","tag-universidad-pablo-de-olavide","tag-upo"],"_links":{"self":[{"href":"https:\/\/www.upo.es\/diario\/wp-json\/wp\/v2\/posts\/4840030","targetHints":{"allow":["GET"]}}],"collection":[{"href":"https:\/\/www.upo.es\/diario\/wp-json\/wp\/v2\/posts"}],"about":[{"href":"https:\/\/www.upo.es\/diario\/wp-json\/wp\/v2\/types\/post"}],"author":[{"embeddable":true,"href":"https:\/\/www.upo.es\/diario\/wp-json\/wp\/v2\/users\/9"}],"replies":[{"embeddable":true,"href":"https:\/\/www.upo.es\/diario\/wp-json\/wp\/v2\/comments?post=4840030"}],"version-history":[{"count":7,"href":"https:\/\/www.upo.es\/diario\/wp-json\/wp\/v2\/posts\/4840030\/revisions"}],"predecessor-version":[{"id":4883446,"href":"https:\/\/www.upo.es\/diario\/wp-json\/wp\/v2\/posts\/4840030\/revisions\/4883446"}],"wp:attachment":[{"href":"https:\/\/www.upo.es\/diario\/wp-json\/wp\/v2\/media?parent=4840030"}],"wp:term":[{"taxonomy":"category","embeddable":true,"href":"https:\/\/www.upo.es\/diario\/wp-json\/wp\/v2\/categories?post=4840030"},{"taxonomy":"post_tag","embeddable":true,"href":"https:\/\/www.upo.es\/diario\/wp-json\/wp\/v2\/tags?post=4840030"}],"curies":[{"name":"wp","href":"https:\/\/api.w.org\/{rel}","templated":true}]}}