{"id":4897937,"date":"2014-07-22T08:45:07","date_gmt":"2014-07-22T08:45:07","guid":{"rendered":"https:\/\/www.upo.es\/diario\/?p=4897937"},"modified":"2014-07-22T08:45:07","modified_gmt":"2014-07-22T08:45:07","slug":"sobresaliente-cum-laude-para-la-tesis-el-papel-de-las-concepciones-espaciales-subjetivas-en-la-segregacion-residencial-de-los-barrios-con-alta-densidad-de-inmigracion-el-caso-de-la-ciudad-de","status":"publish","type":"post","link":"https:\/\/www.upo.es\/diario\/tesis\/2014\/07\/sobresaliente-cum-laude-para-la-tesis-el-papel-de-las-concepciones-espaciales-subjetivas-en-la-segregacion-residencial-de-los-barrios-con-alta-densidad-de-inmigracion-el-caso-de-la-ciudad-de\/","title":{"rendered":"Sobresaliente Cum Laude para la tesis \u201cEl papel de las concepciones espaciales subjetivas en la segregaci\u00f3n residencial de los barrios con alta densidad de inmigraci\u00f3n. El caso de la ciudad de Sevilla\u201d"},"content":{"rendered":"<p>Ayer lunes tuvo lugar en la Sala de Grados del edificio 6 la defensa p\u00fablica de la tesis doctoral titulada \u00abEl papel de las concepciones espaciales subjetivas en la segregaci\u00f3n residencial de los barrios con alta densidad de inmigraci\u00f3n. El caso de la ciudad de Sevilla\u201d, de la que es autor Ricardo Iglesias Pascual. Esta tesis doctoral, dirigida por el profesor Jos\u00e9 Mar\u00eda Feria Toribio, de la Universidad Pablo de Olavide, ha obtenido la calificaci\u00f3n de Sobresaliente Cum Laude.<\/p>\n","protected":false},"excerpt":{"rendered":"<p>Ayer lunes tuvo lugar en la Sala de Grados del edificio 6 la defensa p\u00fablica de la tesis doctoral titulada \u00abEl papel de las concepciones espaciales subjetivas en la segregaci\u00f3n residencial de los barrios con alta densidad de inmigraci\u00f3n. El caso de la ciudad de Sevilla\u201d, de la que es autor Ricardo Iglesias Pascual. Esta tesis doctoral, dirigida por el profesor Jos\u00e9 Mar\u00eda Feria Toribio, de la Universidad Pablo de Olavide, ha obtenido la calificaci\u00f3n de Sobresaliente Cum Laude.<\/p>\n","protected":false},"author":5,"featured_media":0,"comment_status":"closed","ping_status":"open","sticky":false,"template":"","format":"standard","meta":{"_monsterinsights_skip_tracking":false,"_monsterinsights_sitenote_active":false,"_monsterinsights_sitenote_note":"","_monsterinsights_sitenote_category":0,"footnotes":""},"categories":[119],"tags":[1591,161],"class_list":["post-4897937","post","type-post","status-publish","format-standard","hentry","category-tesis","tag-geografia-humana","tag-sevilla"],"_links":{"self":[{"href":"https:\/\/www.upo.es\/diario\/wp-json\/wp\/v2\/posts\/4897937","targetHints":{"allow":["GET"]}}],"collection":[{"href":"https:\/\/www.upo.es\/diario\/wp-json\/wp\/v2\/posts"}],"about":[{"href":"https:\/\/www.upo.es\/diario\/wp-json\/wp\/v2\/types\/post"}],"author":[{"embeddable":true,"href":"https:\/\/www.upo.es\/diario\/wp-json\/wp\/v2\/users\/5"}],"replies":[{"embeddable":true,"href":"https:\/\/www.upo.es\/diario\/wp-json\/wp\/v2\/comments?post=4897937"}],"version-history":[{"count":1,"href":"https:\/\/www.upo.es\/diario\/wp-json\/wp\/v2\/posts\/4897937\/revisions"}],"predecessor-version":[{"id":4897938,"href":"https:\/\/www.upo.es\/diario\/wp-json\/wp\/v2\/posts\/4897937\/revisions\/4897938"}],"wp:attachment":[{"href":"https:\/\/www.upo.es\/diario\/wp-json\/wp\/v2\/media?parent=4897937"}],"wp:term":[{"taxonomy":"category","embeddable":true,"href":"https:\/\/www.upo.es\/diario\/wp-json\/wp\/v2\/categories?post=4897937"},{"taxonomy":"post_tag","embeddable":true,"href":"https:\/\/www.upo.es\/diario\/wp-json\/wp\/v2\/tags?post=4897937"}],"curies":[{"name":"wp","href":"https:\/\/api.w.org\/{rel}","templated":true}]}}