{"id":492812,"date":"2013-02-13T06:45:37","date_gmt":"2013-02-13T06:45:37","guid":{"rendered":"https:\/\/www.upo.es\/diario\/?p=492812"},"modified":"2013-02-13T07:13:33","modified_gmt":"2013-02-13T07:13:33","slug":"cientificos-y-empresas-debaten-manana-en-la-upo-sobre-enfermedades-lisosomales","status":"publish","type":"post","link":"https:\/\/www.upo.es\/diario\/institucional\/2013\/02\/cientificos-y-empresas-debaten-manana-en-la-upo-sobre-enfermedades-lisosomales\/","title":{"rendered":"Cient\u00edficos y empresas debaten hoy en la UPO sobre enfermedades lisosomales"},"content":{"rendered":"<p>Hoy mi\u00e9rcoles 13 de febrero, a las 16:00 horas en el sal\u00f3n de actos del Centro Andaluz de Biolog\u00eda del Desarrollo, tendr\u00e1 lugar un seminario sobre enfermedades lisosomales, organizado por el M\u00e1ster \u201cConocimiento actual de las Enfermedades Raras\u201d de la universidades Internacional de Andaluc\u00eda y Pablo de Olavide. En \u00e9l se pretende dar una visi\u00f3n actualizada de estas enfermedades \u00a0desde el punto de vista cl\u00ednico, diagn\u00f3stico e investigador. En este encuentro, abierto al p\u00fablico general, participar\u00e1n tanto cient\u00edficos como compa\u00f1\u00edas con l\u00edneas de desarrollo en estas enfermedades.<\/p>\n<p>Las enfermedades lisosomales son un amplio grupo de entidades gen\u00e9tico-hereditarias en las que existe una deficiencia de alguna enzima lisosomal o de ciertas prote\u00ednas transportadoras de la membrana del lisosoma o del llamado \u201ctr\u00e1fico del aparato de Golgi\u201d. Para abordar estas patolog\u00edas, el seminario contar\u00e1 con los investigadores Antonio Gonz\u00e1lez-Meneses y Luis Jim\u00e9nez, ambos del Hospital Universitario Virgen del Roc\u00edo; Jos\u00e9 Manuel Garc\u00eda Fern\u00e1ndez, del Instituto de Investigaciones Qu\u00edmicas de Sevilla; y Carmen Ortiz Mellet, catedr\u00e1tica de Qu\u00edmica Org\u00e1nica de la Universidad de Sevilla. Por parte de las empresas, participar\u00e1n en este encuentro Elena Mart\u00ednez, de Shire, Isabel de Campo, de Genzyme, y Juan Jos\u00e9 Infante, de Bionaturis.<\/p>\n<p>El <a href=\"http:\/\/www.upo.es\/postgrado\/Master-Oficial-Conocimiento-Actual-de-las-Enfermedades-Raras\">M\u00e1ster Universitario \u201cConocimiento actual de las Enfermedades Raras\u201d<\/a>, es un t\u00edtulo oficial cuyo objetivo fundamental es presentar el conocimiento que se tiene en la actualidad de este tipo de patolog\u00edas de baja frecuencia en la poblaci\u00f3n, con principal atenci\u00f3n en los recursos moleculares y bioqu\u00edmicos para la evaluaci\u00f3n, diagn\u00f3stico, seguimiento, pron\u00f3stico, y tratamiento de los pacientes y sus familias. El programa de estudios hace especial \u00e9nfasis en aquellos grupos de enfermedades relevantes por su prevalencia y por las discapacidades asociadas: enfermedades neurodegenerativas, trastornos metab\u00f3licos, enfermedades mitocondriales, enfermedades lisosomales y enfermedades peroxisomales m\u00e1s frecuentes.<\/p>\n","protected":false},"excerpt":{"rendered":"<p>Hoy mi\u00e9rcoles 13 de febrero, a las 16:00 horas en el sal\u00f3n de actos del Centro Andaluz de Biolog\u00eda del Desarrollo, tendr\u00e1 lugar un seminario sobre enfermedades lisosomales, organizado por el M\u00e1ster \u201cConocimiento actual de las Enfermedades Raras\u201d de la universidades Internacional de Andaluc\u00eda y Pablo de Olavide. En \u00e9l se pretende dar una visi\u00f3n actualizada de estas enfermedades  desde el punto de vista cl\u00ednico, diagn\u00f3stico e investigador. En este encuentro est\u00e1 abierto al p\u00fablico general.<\/p>\n","protected":false},"author":6,"featured_media":0,"comment_status":"closed","ping_status":"open","sticky":false,"template":"","format":"standard","meta":{"_monsterinsights_skip_tracking":false,"_monsterinsights_sitenote_active":false,"_monsterinsights_sitenote_note":"","_monsterinsights_sitenote_category":0,"footnotes":""},"categories":[6],"tags":[117,118,82,78],"class_list":["post-492812","post","type-post","status-publish","format-standard","hentry","category-institucional","tag-enfermedades-raras","tag-master","tag-postgrado","tag-seminario"],"_links":{"self":[{"href":"https:\/\/www.upo.es\/diario\/wp-json\/wp\/v2\/posts\/492812","targetHints":{"allow":["GET"]}}],"collection":[{"href":"https:\/\/www.upo.es\/diario\/wp-json\/wp\/v2\/posts"}],"about":[{"href":"https:\/\/www.upo.es\/diario\/wp-json\/wp\/v2\/types\/post"}],"author":[{"embeddable":true,"href":"https:\/\/www.upo.es\/diario\/wp-json\/wp\/v2\/users\/6"}],"replies":[{"embeddable":true,"href":"https:\/\/www.upo.es\/diario\/wp-json\/wp\/v2\/comments?post=492812"}],"version-history":[{"count":2,"href":"https:\/\/www.upo.es\/diario\/wp-json\/wp\/v2\/posts\/492812\/revisions"}],"predecessor-version":[{"id":499875,"href":"https:\/\/www.upo.es\/diario\/wp-json\/wp\/v2\/posts\/492812\/revisions\/499875"}],"wp:attachment":[{"href":"https:\/\/www.upo.es\/diario\/wp-json\/wp\/v2\/media?parent=492812"}],"wp:term":[{"taxonomy":"category","embeddable":true,"href":"https:\/\/www.upo.es\/diario\/wp-json\/wp\/v2\/categories?post=492812"},{"taxonomy":"post_tag","embeddable":true,"href":"https:\/\/www.upo.es\/diario\/wp-json\/wp\/v2\/tags?post=492812"}],"curies":[{"name":"wp","href":"https:\/\/api.w.org\/{rel}","templated":true}]}}