{"id":4931196,"date":"2014-07-24T12:28:35","date_gmt":"2014-07-24T12:28:35","guid":{"rendered":"https:\/\/www.upo.es\/diario\/?p=4931196"},"modified":"2014-07-29T08:33:33","modified_gmt":"2014-07-29T08:33:33","slug":"el-empleo-en-espana-crece-a-ritmos-superiores-al-11-pero-la-tasa-de-temporalidad-sigue-creciendo","status":"publish","type":"post","link":"https:\/\/www.upo.es\/diario\/institucional\/2014\/07\/el-empleo-en-espana-crece-a-ritmos-superiores-al-11-pero-la-tasa-de-temporalidad-sigue-creciendo\/","title":{"rendered":"El empleo en Espa\u00f1a crece a ritmos superiores al 1,1% pero la tasa de temporalidad sigue creciendo"},"content":{"rendered":"<p>La C\u00e1tedra BBVA de An\u00e1lisis Econ\u00f3mico de la Universidad Pablo de Olavide, dirigida por el profesor Jos\u00e9 Ignacio Garc\u00eda P\u00e9rez, ha realizado el an\u00e1lisis del mercado de trabajo de Espa\u00f1a y Andaluc\u00eda de acuerdo a los datos ofrecidos por la Encuesta de Poblaci\u00f3n Activa (EPA) del segundo trimestre de 2014. La econom\u00eda espa\u00f1ola ha empezado a crear empleo neto, tras seis a\u00f1os en los que se han destruido m\u00e1s de 3,5 millones de empleos. <b>En Andaluc\u00eda, este es el segundo trimestre consecutivo en que sube el empleo, si bien el ritmo ahora es menor al del conjunto de Espa\u00f1a<\/b>. As\u00ed, la tasa de paro ha ca\u00eddo en casi 1.6 puntos porcentuales en el conjunto de Espa\u00f1a (hasta el 24.5%) y en 0.9 puntos en Andaluc\u00eda (hasta el 34.7%).<\/p>\n<p>Desde que empez\u00f3 la crisis hasta el m\u00ednimo de empleo observado, se ha destruido en Espa\u00f1a el 18.3% del empleo existente a mediados del a\u00f1o 2007 y casi el 22% del existente en Andaluc\u00eda. Como se observa en el gr\u00e1fico adjunto, tanto en el conjunto de Espa\u00f1a como en Andaluc\u00eda se ha empezado ya a recuperar parte del empleo perdido en estos a\u00f1os pero todav\u00eda queda un buen trecho hasta recuperar todo el empleo perdido en los \u00faltimos siete a\u00f1os. <b>Si el empleo creciera a las tasas de este trimestre durante los pr\u00f3ximos a\u00f1os, se necesitar\u00edan como m\u00ednimo 10 a\u00f1os para llegar a los niveles de empleo previos a la crisis<\/b>.<\/p>\n<p style=\"text-align: center;\"><img loading=\"lazy\" decoding=\"async\" class=\"size-full wp-image-4931198 aligncenter\" alt=\"clip_image002\" src=\"https:\/\/www.upo.es\/diario\/wp-content\/uploads\/2014\/07\/clip_image002.gif\" width=\"567\" height=\"352\" \/><\/p>\n<p>&nbsp;<\/p>\n<p>El fuerte crecimiento del empleo en los \u00faltimos tres meses viene <b>explicado, en buena parte, por la contrataci\u00f3n temporal<\/b> pero tambi\u00e9n, y esto es una interesante novedad, por el empleo indefinido que ha crecido a buen ritmo en este trimestre, seguramente favorecido por la Tarifa Plana introducida hace unos meses. En cualquier caso, la tasa de temporalidad espa\u00f1ola est\u00e1 de nuevo en el 24% y en Andaluc\u00eda llega ya al 34%.<\/p>\n<p>A nivel provincial, el empleo ha crecido en Hueva y M\u00e1laga a ritmos superiores al 6%. Ja\u00e9n y Granada tambi\u00e9n muestran ya tasas de crecimiento del empleo positivas. El resto de provincias, especialmente Almer\u00eda, C\u00f3rdoba y C\u00e1diz, siguen destruyendo empleo. <b>La creaci\u00f3n de empleo en Andaluc\u00eda se ha producido b\u00e1sicamente en el sector primario y en el sector servicios<\/b>.<\/p>\n<p>La otra cara de la moneda es <b>el desempleo de larga duraci\u00f3n<\/b>: aunque ha ca\u00eddo en 164.000 personas este trimestre, todav\u00eda son casi 3,5 millones de personas en el conjunto de Espa\u00f1a y 877.000 en Andaluc\u00eda las que no han trabajado ni un solo d\u00eda en el \u00faltimo a\u00f1o. Estas personas necesitan de manera urgente nuevas medidas que incentiven su b\u00fasqueda de empleo, y a la vez, recursos que fomenten su contrataci\u00f3n (a poder ser estable) y su reciclaje profesional.<\/p>\n<p>&gt; <a title=\"Comparaci\u00f3n EPA  Espa\u00f1a - Andaluc\u00eda\" href=\"https:\/\/www.upo.es\/diario\/wp-content\/uploads\/2014\/07\/epa_tablas_espana_andalucia.pdf\" target=\"_blank\">Comparativa EPA Espa\u00f1a- Andaluc\u00eda (pdf)<\/a><\/p>\n","protected":false},"excerpt":{"rendered":"<p>La C\u00e1tedra BBVA de An\u00e1lisis Econ\u00f3mico de la Universidad Pablo de Olavide, dirigida por el profesor Jos\u00e9 Ignacio Garc\u00eda P\u00e9rez, ha realizado el an\u00e1lisis del mercado de trabajo de Espa\u00f1a y Andaluc\u00eda de acuerdo a los datos ofrecidos por la Encuesta de Poblaci\u00f3n Activa (EPA) del segundo trimestre de 2014. La econom\u00eda espa\u00f1ola ha empezado a crear empleo neto, tras seis a\u00f1os en los que se han destruido m\u00e1s de 3,5 millones de empleos.<\/p>\n","protected":false},"author":9,"featured_media":0,"comment_status":"closed","ping_status":"open","sticky":false,"template":"","format":"standard","meta":{"_monsterinsights_skip_tracking":false,"_monsterinsights_sitenote_active":false,"_monsterinsights_sitenote_note":"","_monsterinsights_sitenote_category":0,"footnotes":""},"categories":[6],"tags":[190,688,438,238,187,285,1712,1711],"class_list":["post-4931196","post","type-post","status-publish","format-standard","hentry","category-institucional","tag-andalucia","tag-creacion-de-empleo","tag-empleo","tag-encuesta","tag-epa","tag-espana","tag-jose-ignacio-garcia","tag-tasa-de-temporalidad"],"_links":{"self":[{"href":"https:\/\/www.upo.es\/diario\/wp-json\/wp\/v2\/posts\/4931196","targetHints":{"allow":["GET"]}}],"collection":[{"href":"https:\/\/www.upo.es\/diario\/wp-json\/wp\/v2\/posts"}],"about":[{"href":"https:\/\/www.upo.es\/diario\/wp-json\/wp\/v2\/types\/post"}],"author":[{"embeddable":true,"href":"https:\/\/www.upo.es\/diario\/wp-json\/wp\/v2\/users\/9"}],"replies":[{"embeddable":true,"href":"https:\/\/www.upo.es\/diario\/wp-json\/wp\/v2\/comments?post=4931196"}],"version-history":[{"count":5,"href":"https:\/\/www.upo.es\/diario\/wp-json\/wp\/v2\/posts\/4931196\/revisions"}],"predecessor-version":[{"id":5007090,"href":"https:\/\/www.upo.es\/diario\/wp-json\/wp\/v2\/posts\/4931196\/revisions\/5007090"}],"wp:attachment":[{"href":"https:\/\/www.upo.es\/diario\/wp-json\/wp\/v2\/media?parent=4931196"}],"wp:term":[{"taxonomy":"category","embeddable":true,"href":"https:\/\/www.upo.es\/diario\/wp-json\/wp\/v2\/categories?post=4931196"},{"taxonomy":"post_tag","embeddable":true,"href":"https:\/\/www.upo.es\/diario\/wp-json\/wp\/v2\/tags?post=4931196"}],"curies":[{"name":"wp","href":"https:\/\/api.w.org\/{rel}","templated":true}]}}