{"id":5024143,"date":"2014-07-30T11:06:46","date_gmt":"2014-07-30T11:06:46","guid":{"rendered":"https:\/\/www.upo.es\/diario\/?p=5024143"},"modified":"2014-07-31T10:29:54","modified_gmt":"2014-07-31T10:29:54","slug":"la-poesia-debe-ser-una-expresion-vital-en-el-poeta-y-un-proyecto-espiritual-que-cultivar-diariamente","status":"publish","type":"post","link":"https:\/\/www.upo.es\/diario\/cursos-verano\/2014\/07\/la-poesia-debe-ser-una-expresion-vital-en-el-poeta-y-un-proyecto-espiritual-que-cultivar-diariamente\/","title":{"rendered":"\u201cLa poes\u00eda debe ser una expresi\u00f3n vital en el poeta y un proyecto espiritual que cultivar diariamente\u201d"},"content":{"rendered":"<figure id=\"attachment_5024144\" aria-describedby=\"caption-attachment-5024144\" style=\"width: 320px\" class=\"wp-caption alignleft\"><a href=\"https:\/\/www.upo.es\/diario\/wp-content\/uploads\/2014\/07\/Benjam\u00edn-Le\u00f3n1.jpg\"><img loading=\"lazy\" decoding=\"async\" class=\"size-medium wp-image-5024144  \" alt=\"Benjam\u00edn Le\u00f3n\" src=\"https:\/\/www.upo.es\/diario\/wp-content\/uploads\/2014\/07\/Benjam\u00edn-Le\u00f3n1-320x213.jpg\" width=\"320\" height=\"213\" srcset=\"https:\/\/www.upo.es\/diario\/wp-content\/uploads\/2014\/07\/Benjam\u00edn-Le\u00f3n1-320x213.jpg 320w, https:\/\/www.upo.es\/diario\/wp-content\/uploads\/2014\/07\/Benjam\u00edn-Le\u00f3n1-600x399.jpg 600w, https:\/\/www.upo.es\/diario\/wp-content\/uploads\/2014\/07\/Benjam\u00edn-Le\u00f3n1.jpg 992w\" sizes=\"auto, (max-width: 320px) 100vw, 320px\" \/><\/a><figcaption id=\"caption-attachment-5024144\" class=\"wp-caption-text\">Benjam\u00edn Le\u00f3n, escritor y editor<\/figcaption><\/figure>\n<p>El escritor y editor <strong>Benjam\u00edn Le\u00f3n<\/strong> ha declarado hoy que la poes\u00eda debe ser una expresi\u00f3n vital en el poeta y un proyecto espiritual que cultivar diariamente. A su entender, es fundamental que el poeta no reprima sus palabras, sino que m\u00e1s bien debe cultivarlas y dejarlas salir: <strong>\u201ccomo dir\u00eda Gabriela Mistral, hay que transmitir la intimidad del alma y decir con valent\u00eda el mensaje que brota del coraz\u00f3n antes de que lo rompa la muerte\u201d<\/strong>.<\/p>\n<p>Benjam\u00edn ha realizado estas declaraciones con motivo de su participaci\u00f3n en el curso<strong> \u201cTaller de escritura po\u00e9tica I: Creatividad y t\u00e9cnicas de escritura. Creaci\u00f3n de la voz po\u00e9tica. Herramientas para escritores\u201d<\/strong> que se est\u00e1 realizando en el marco de cursos de verano de la Universidad Pablo de Olavide en Carmona.<\/p>\n<p>Este taller incide en la propia escritura po\u00e9tica, proporcionando los recursos y las formas de construcci\u00f3n de la poes\u00eda a trav\u00e9s de la lectura cr\u00edtica, tanto para asimilar las destrezas y recursos, como para liberar la propia inspiraci\u00f3n. Asimismo, se proporcionan claves que ayudan a afirmar una identidad, la creaci\u00f3n de la voz po\u00e9tica.<\/p>\n<p>Para ello, el editor considera fundamental que el poeta tenga frecuencia y constancia tanto en la escritura como en la lectura, as\u00ed como en la forma de mirar, el ejercicio de contemplar. \u201cEl oficio se cultiva y se perfecciona. De esta manera, es necesario que el poeta conozca las herramientas que le han sido entregadas y que sea capaz de utilizarlas en su escritura, trasladar al poema las figuras, los ritmos, la hondura. No creo mucho en la inspiraci\u00f3n; pienso que siempre est\u00e1 presente, y que es el poeta el que debe percibir aquello que \u2018inspira\u2019 a trav\u00e9s de una mirada po\u00e9tica, de una conmoci\u00f3n con y en el mundo\u201d, opina.<\/p>\n<p>Por otro lado, cree fundamental que el poeta consiga un lenguaje propio, un lenguaje po\u00e9tico capaz de comunicar lo incomunicable, aqu\u00e9llo que no tiene nombre y que habita en el interior de cada persona, eso indecible que la poes\u00eda trata y que de alguna forma comunica.<\/p>\n<p>A su entender, la construcci\u00f3n de un pensamiento po\u00e9tico tiene como base las cualidades de cada persona. \u201cTodos tenemos ciertas habilidades po\u00e9ticas por naturaleza. Sin embargo, el desarrollo de estas cualidades ir\u00e1 en concordancia con la dedicaci\u00f3n que se otorgue al oficio. Es necesario mirar, aprehender la poes\u00eda que est\u00e1 presente en todo lo que nos rodea. Es imprescindible que el poeta conozca su oficio, hay que conocer las t\u00e9cnicas, saber c\u00f3mo usarlas y cu\u00e1ndo, entender la funci\u00f3n vital del ritmo, de la m\u00fasica, en el poema. Hay que leer, conocer la tradici\u00f3n para poder romperla y crear algo nuevo que de alguna manera pueda llegar a aportar\u201d, considera.<\/p>\n<p>Con respecto a la situaci\u00f3n po\u00e9tica en nuestro pa\u00eds, cree que la poes\u00eda es algo presente y vivo en la sociedad espa\u00f1ola y, fundamentalmente, en Andaluc\u00eda. Seg\u00fan ha explicado, hay muchos movimientos y grupos independientes que organizan actos literarios art\u00edsticos. Adem\u00e1s, hay poetas que han unido su palabra a otras expresiones art\u00edsticas, lo que permite que la poes\u00eda est\u00e9 m\u00e1s presente, sea m\u00e1s cercana o atrayente.<\/p>\n<p>Asimismo, sostiene que el mercado editorial en Espa\u00f1a es muy rico y variado en lo po\u00e9tico: \u201ccreo que est\u00e1 muy activo y de forma positiva. Mientras las grandes empresas editoriales tienen en sus anaqueles a los m\u00e1s conocidos autores de Espa\u00f1a y del mundo, las peque\u00f1as editoriales hacen un trabajo fundamental y sumamente generoso al mostrarnos a los nuevos y futuros autores. Hay editoriales independientes que han apostado por la poes\u00eda, y con mucho esfuerzo est\u00e1n presentes en ferias del libro, en encuentros de poetas, en las librer\u00edas de barrio. Es muy interesante el trabajo de las editoriales m\u00e1s peque\u00f1as, as\u00ed como de sus autores, muchos de los cuales s\u00f3lo se conocen a trav\u00e9s de recomendaciones\u201d, explica.<\/p>\n<p>\u00bfY qu\u00e9 recomendaciones dar\u00eda a los j\u00f3venes que se empiezan a interesar por la poes\u00eda? Benjam\u00edn Le\u00f3n lo tiene claro: \u201cque lean, que lean mucho, que lean la tradici\u00f3n po\u00e9tica espa\u00f1ola y la de Latinoam\u00e9rica. Que disfruten de la m\u00fasica de nuestra poes\u00eda, que encuentren el sentido interno del poema, lo no visible, y que se hallen en \u00e9l. Adem\u00e1s, les invitar\u00eda a leer aquel libro magistral de Rilke: Cartas a un joven poeta\u201d.<\/p>\n<p>Por \u00faltimo, para aqu\u00e9llos que quieran escribir poes\u00eda, apunta a unos escritores que considera imprescindibles, como San Juan de la Cruz, Rub\u00e9n Dar\u00edo, Juan Ram\u00f3n, Machado, Gabriela Mistral, Neruda, Huidobro, C\u00e9sar Vallejo, los poetas del 27, Miguel Hern\u00e1ndez, Juana de Ibarbourou, Antonio Gamoneda, Gonzalo Rojas, Jos\u00e9 \u00c1ngel Valente o Alejandra Pizarnik, concluye.<\/p>\n<p>&nbsp;<\/p>\n","protected":false},"excerpt":{"rendered":"<p>El escritor y editor Benjam\u00edn Le\u00f3n ha declarado hoy que la poes\u00eda debe ser una expresi\u00f3n vital en el poeta y un proyecto espiritual que cultivar diariamente. A su entender, es fundamental que el poeta no reprima sus palabras, sino que m\u00e1s bien debe cultivarlas y dejarlas salir: \u201ccomo dir\u00eda Gabriela Mistral, hay que transmitir la intimidad del alma y decir con valent\u00eda el mensaje que brota del coraz\u00f3n antes de que lo rompa la muerte\u201d.<\/p>\n","protected":false},"author":9,"featured_media":5024145,"comment_status":"closed","ping_status":"open","sticky":false,"template":"","format":"standard","meta":{"_monsterinsights_skip_tracking":false,"_monsterinsights_sitenote_active":false,"_monsterinsights_sitenote_note":"","_monsterinsights_sitenote_category":0,"footnotes":""},"categories":[729],"tags":[1738,23,22,1739,1657,491],"class_list":["post-5024143","post","type-post","status-publish","format-standard","has-post-thumbnail","hentry","category-cursos-verano","tag-benjamin-leon","tag-carmona","tag-cursos-de-verano","tag-poesia","tag-universidad-pablo-de-olavide","tag-upo"],"_links":{"self":[{"href":"https:\/\/www.upo.es\/diario\/wp-json\/wp\/v2\/posts\/5024143","targetHints":{"allow":["GET"]}}],"collection":[{"href":"https:\/\/www.upo.es\/diario\/wp-json\/wp\/v2\/posts"}],"about":[{"href":"https:\/\/www.upo.es\/diario\/wp-json\/wp\/v2\/types\/post"}],"author":[{"embeddable":true,"href":"https:\/\/www.upo.es\/diario\/wp-json\/wp\/v2\/users\/9"}],"replies":[{"embeddable":true,"href":"https:\/\/www.upo.es\/diario\/wp-json\/wp\/v2\/comments?post=5024143"}],"version-history":[{"count":2,"href":"https:\/\/www.upo.es\/diario\/wp-json\/wp\/v2\/posts\/5024143\/revisions"}],"predecessor-version":[{"id":5039278,"href":"https:\/\/www.upo.es\/diario\/wp-json\/wp\/v2\/posts\/5024143\/revisions\/5039278"}],"wp:featuredmedia":[{"embeddable":true,"href":"https:\/\/www.upo.es\/diario\/wp-json\/wp\/v2\/media\/5024145"}],"wp:attachment":[{"href":"https:\/\/www.upo.es\/diario\/wp-json\/wp\/v2\/media?parent=5024143"}],"wp:term":[{"taxonomy":"category","embeddable":true,"href":"https:\/\/www.upo.es\/diario\/wp-json\/wp\/v2\/categories?post=5024143"},{"taxonomy":"post_tag","embeddable":true,"href":"https:\/\/www.upo.es\/diario\/wp-json\/wp\/v2\/tags?post=5024143"}],"curies":[{"name":"wp","href":"https:\/\/api.w.org\/{rel}","templated":true}]}}