{"id":5039279,"date":"2014-07-31T10:36:39","date_gmt":"2014-07-31T10:36:39","guid":{"rendered":"https:\/\/www.upo.es\/diario\/?p=5039279"},"modified":"2014-09-08T07:09:40","modified_gmt":"2014-09-08T07:09:40","slug":"la-universidad-pablo-de-olavide-retoma-el-cierre-de-edificios-este-verano-como-medida-de-ahorro","status":"publish","type":"post","link":"https:\/\/www.upo.es\/diario\/institucional\/2014\/07\/la-universidad-pablo-de-olavide-retoma-el-cierre-de-edificios-este-verano-como-medida-de-ahorro\/","title":{"rendered":"La Universidad Pablo de Olavide retoma el cierre de edificios este verano como medida de ahorro"},"content":{"rendered":"<figure id=\"attachment_1741118\" aria-describedby=\"caption-attachment-1741118\" style=\"width: 320px\" class=\"wp-caption alignright\"><a href=\"https:\/\/www.upo.es\/diario\/wp-content\/uploads\/2013\/10\/vista_upo.jpg\"><img loading=\"lazy\" decoding=\"async\" class=\"size-medium wp-image-1741118 \" alt=\"Los dispositivos de control instalados en la Olavide han permitido reducir el consumo medio diario de agua potable en un 50 por ciento y el de energ\u00eda el\u00e9ctrica en un 40 por ciento \" src=\"https:\/\/www.upo.es\/diario\/wp-content\/uploads\/2013\/10\/vista_upo-320x191.jpg\" width=\"320\" height=\"191\" srcset=\"https:\/\/www.upo.es\/diario\/wp-content\/uploads\/2013\/10\/vista_upo-320x191.jpg 320w, https:\/\/www.upo.es\/diario\/wp-content\/uploads\/2013\/10\/vista_upo-1024x611.jpg 1024w, https:\/\/www.upo.es\/diario\/wp-content\/uploads\/2013\/10\/vista_upo-600x358.jpg 600w\" sizes=\"auto, (max-width: 320px) 100vw, 320px\" \/><\/a><figcaption id=\"caption-attachment-1741118\" class=\"wp-caption-text\">La UPO cerrar\u00e1 durante el mes de agosto la mayor\u00eda de los edificios del campus<\/figcaption><\/figure>\n<p>La Universidad Pablo de Olavide ha acordado el cierre este verano, por quinto a\u00f1o consecutivo, de la mayor\u00eda de edificios y servicios del campus de esta universidad con el prop\u00f3sito de optimizar la gesti\u00f3n de los recursos, ajust\u00e1ndola a la demanda. As\u00ed, <strong>la UPO cerrar\u00e1 durante el mes de agosto la mayor\u00eda de los edificios del campus ma\u00f1ana y tarde<\/strong>.<\/p>\n<p>La Direcci\u00f3n General de Infraestructuras y Espacios de la Universidad Pablo de Olavide indica que el contexto de contracci\u00f3n presupuestaria, la necesidad de ahorrar energ\u00eda y el deber de optimizar la gesti\u00f3n ordinaria de los recursos p\u00fablicos, ajust\u00e1ndola a la reducci\u00f3n de la demanda, han llevado al equipo de gobierno a programar el cierre de determinados edificios y\u00a0 servicios del campus durante el mes de agosto. El cierre por edificio ser\u00e1 completo o parcial dependiendo de la naturaleza de los servicios. Adem\u00e1s, el cierre afectar\u00e1 a todos los servicios que se prestan en los mismos, como\u00a0 limpieza, mantenimiento o reparto de correspondencia.<\/p>\n<p><strong>En agosto, desde el d\u00eda 1 hasta el 24<\/strong>, ambos inclusive, el cierre ser\u00e1 operativo en todo el campus, exceptuando los edificios donde se ubican los servicios administrativos de referencia (edificios 3, 12, 17 y 18), que abrir\u00e1n hasta las 14.30 horas; el CABD, de 7 a 15 horas, y los servicios de investigaci\u00f3n experimental (Animalario, edificios 22 y 23), que abrir\u00e1n hasta las 21 horas.<\/p>\n<p><strong>Desde el d\u00eda 25 hasta el 31 de agosto el cierre ser\u00e1 parcial<\/strong>, y los edificios se abrir\u00e1n desde las 8 hasta las 15 horas.<\/p>\n<p>Por su parte,<strong> la Biblioteca permanecer\u00e1 cerrada del 1 al 24 de agosto<\/strong>. Del 25 al 31 de ese mes, abrir\u00e1 de lunes a viernes de 8.30 \u00a0a 14.30 horas, y volver\u00e1 a su horario habitual, de 8.30 a 21 horas, el 1 de septiembre.<\/p>\n","protected":false},"excerpt":{"rendered":"<p>La Universidad Pablo de Olavide ha acordado el cierre este verano, por quinto a\u00f1o consecutivo, de la mayor\u00eda de edificios y servicios del campus de esta universidad con el prop\u00f3sito de optimizar la gesti\u00f3n de los recursos, ajust\u00e1ndola a la demanda. As\u00ed, la UPO cerrar\u00e1 durante el mes de agosto la mayor\u00eda de los edificios del campus ma\u00f1ana y tarde. <\/p>\n","protected":false},"author":6,"featured_media":0,"comment_status":"closed","ping_status":"open","sticky":false,"template":"","format":"standard","meta":{"_monsterinsights_skip_tracking":false,"_monsterinsights_sitenote_active":false,"_monsterinsights_sitenote_note":"","_monsterinsights_sitenote_category":0,"footnotes":""},"categories":[6],"tags":[107,1120,913],"class_list":["post-5039279","post","type-post","status-publish","format-standard","hentry","category-institucional","tag-campus","tag-direccion-general-de-campus","tag-eficiencia-energetica"],"_links":{"self":[{"href":"https:\/\/www.upo.es\/diario\/wp-json\/wp\/v2\/posts\/5039279","targetHints":{"allow":["GET"]}}],"collection":[{"href":"https:\/\/www.upo.es\/diario\/wp-json\/wp\/v2\/posts"}],"about":[{"href":"https:\/\/www.upo.es\/diario\/wp-json\/wp\/v2\/types\/post"}],"author":[{"embeddable":true,"href":"https:\/\/www.upo.es\/diario\/wp-json\/wp\/v2\/users\/6"}],"replies":[{"embeddable":true,"href":"https:\/\/www.upo.es\/diario\/wp-json\/wp\/v2\/comments?post=5039279"}],"version-history":[{"count":5,"href":"https:\/\/www.upo.es\/diario\/wp-json\/wp\/v2\/posts\/5039279\/revisions"}],"predecessor-version":[{"id":5635432,"href":"https:\/\/www.upo.es\/diario\/wp-json\/wp\/v2\/posts\/5039279\/revisions\/5635432"}],"wp:attachment":[{"href":"https:\/\/www.upo.es\/diario\/wp-json\/wp\/v2\/media?parent=5039279"}],"wp:term":[{"taxonomy":"category","embeddable":true,"href":"https:\/\/www.upo.es\/diario\/wp-json\/wp\/v2\/categories?post=5039279"},{"taxonomy":"post_tag","embeddable":true,"href":"https:\/\/www.upo.es\/diario\/wp-json\/wp\/v2\/tags?post=5039279"}],"curies":[{"name":"wp","href":"https:\/\/api.w.org\/{rel}","templated":true}]}}