{"id":5039921,"date":"2014-07-31T11:01:04","date_gmt":"2014-07-31T11:01:04","guid":{"rendered":"https:\/\/www.upo.es\/diario\/?p=5039921"},"modified":"2014-07-31T11:21:20","modified_gmt":"2014-07-31T11:21:20","slug":"el-iii-encuentro-internacional-de-rectores-universia-concluye-con-el-compromiso-de-la-carta-de-rio-2014","status":"publish","type":"post","link":"https:\/\/www.upo.es\/diario\/institucional\/2014\/07\/el-iii-encuentro-internacional-de-rectores-universia-concluye-con-el-compromiso-de-la-carta-de-rio-2014\/","title":{"rendered":"El III Encuentro Internacional de Rectores Universia concluye con el compromiso de la \u2018Carta de R\u00edo 2014\u2019"},"content":{"rendered":"<p><a href=\"https:\/\/www.upo.es\/diario\/wp-content\/uploads\/2014\/07\/Encuentro-Internacional-Rectores-Universia.jpg\"><img loading=\"lazy\" decoding=\"async\" class=\"alignright size-medium wp-image-5039922\" alt=\"Encuentro, Internacional, Rectores, Universia\" src=\"https:\/\/www.upo.es\/diario\/wp-content\/uploads\/2014\/07\/Encuentro-Internacional-Rectores-Universia-320x212.jpg\" width=\"320\" height=\"212\" srcset=\"https:\/\/www.upo.es\/diario\/wp-content\/uploads\/2014\/07\/Encuentro-Internacional-Rectores-Universia-320x212.jpg 320w, https:\/\/www.upo.es\/diario\/wp-content\/uploads\/2014\/07\/Encuentro-Internacional-Rectores-Universia-600x398.jpg 600w\" sizes=\"auto, (max-width: 320px) 100vw, 320px\" \/><\/a>El III Encuentro Internacional de Rectores Universia, celebrado los pasados 28 y 29 de julio en R\u00edo de Janeiro, concluy\u00f3 con el compromiso de los rectores iberoamericanos con la<strong> \u2018Carta Universia R\u00edo 2014. Claves estrat\u00e9gicas para las universidades iberoamericanas\u2019<\/strong>. Este documento recoge una estrategia com\u00fan de actuaci\u00f3n, fruto de una reflexi\u00f3n conjunta sobre el presente y futuro de las universidades iberoamericanas y <strong>con el objetivo principal de impulsar un Espacio Iberoamericano del Conocimiento socialmente responsable<\/strong>.<\/p>\n<p>La Carta Universia R\u00edo 2014, con <strong>diez claves estrat\u00e9gicas y once propuestas de actuaci\u00f3n<\/strong>, es una hoja de ruta para que las universidades iberoamericanas contribuyan, junto a los responsables gubernamentales, a sentar los cimientos de una sociedad basada en el conocimiento, el emprendimiento y la innovaci\u00f3n que aspira, desde la libertad y la justicia social, al bienestar, la cohesi\u00f3n y la inclusi\u00f3n social.<\/p>\n<p>Con el apoyo de las conferencias nacionales de rectores y de Universia, las universidades se comprometen a dar a conocer a todos los gobiernos, administraciones, asociaciones empresariales, agentes sociales y, especialmente, a la consideraci\u00f3n de los jefes de Estado y de Gobierno que se reunir\u00e1n en la pr\u00f3xima Cumbre Iberoamericana que se celebrar\u00e1 en Veracruz, M\u00e9xico, en diciembre de 2014, las diez claves estrat\u00e9gicas de la Carta R\u00edo 2014, a saber:<\/p>\n<ol>\n<li>La consolidaci\u00f3n del Espacio Iberoamericano del Conocimiento (EIC)<\/li>\n<li>La responsabilidad social y ambiental de la universidad<\/li>\n<li>La mejora de la informaci\u00f3n sobre las universidades iberoamericanas<\/li>\n<li>La atenci\u00f3n a las expectativas de los estudiantes<\/li>\n<li>La formaci\u00f3n continua del profesorado y el fortalecimiento de los recursos docentes<\/li>\n<li>La garant\u00eda de calidad de las ense\u00f1anzas y su adecuaci\u00f3n a las necesidades sociales<\/li>\n<li>La mejora de la investigaci\u00f3n, la transferencia de sus resultados y la innovaci\u00f3n<\/li>\n<li>La ampliaci\u00f3n de la internacionalizaci\u00f3n y de las iniciativas de movilidad<\/li>\n<li>La utilizaci\u00f3n plena de las tecnolog\u00edas digitales<\/li>\n<li>La adaptaci\u00f3n a nuevos esquemas de organizaci\u00f3n, gobierno y financiaci\u00f3n<\/li>\n<\/ol>\n<p>&nbsp;<\/p>\n<p>&gt; <a href=\"http:\/\/www.universia.net\/nosotros\/files\/CARTA_RIO_28_07_14_ES.pdf\">Carta Universia R\u00edo 2014. Claves estrat\u00e9gicas para las universidades iberoamericanas (pdf)<\/a><\/p>\n","protected":false},"excerpt":{"rendered":"<p>El III Encuentro Internacional de Rectores Universia, celebrado los pasados 28 y 29 de julio en R\u00edo de Janeiro, concluy\u00f3 con el compromiso de los rectores iberoamericanos con la \u2018Carta Universia R\u00edo 2014. Claves estrat\u00e9gicas para las universidades iberoamericanas\u2019.<\/p>\n","protected":false},"author":8,"featured_media":0,"comment_status":"closed","ping_status":"open","sticky":false,"template":"","format":"standard","meta":{"_monsterinsights_skip_tracking":false,"_monsterinsights_sitenote_active":false,"_monsterinsights_sitenote_note":"","_monsterinsights_sitenote_category":0,"footnotes":""},"categories":[6],"tags":[1749,821,805,446,737,57,39],"class_list":["post-5039921","post","type-post","status-publish","format-standard","hentry","category-institucional","tag-carta-universia-rio-2014","tag-encuentro","tag-iberoamerica","tag-internacional","tag-rectores","tag-universia","tag-universidades"],"_links":{"self":[{"href":"https:\/\/www.upo.es\/diario\/wp-json\/wp\/v2\/posts\/5039921","targetHints":{"allow":["GET"]}}],"collection":[{"href":"https:\/\/www.upo.es\/diario\/wp-json\/wp\/v2\/posts"}],"about":[{"href":"https:\/\/www.upo.es\/diario\/wp-json\/wp\/v2\/types\/post"}],"author":[{"embeddable":true,"href":"https:\/\/www.upo.es\/diario\/wp-json\/wp\/v2\/users\/8"}],"replies":[{"embeddable":true,"href":"https:\/\/www.upo.es\/diario\/wp-json\/wp\/v2\/comments?post=5039921"}],"version-history":[{"count":4,"href":"https:\/\/www.upo.es\/diario\/wp-json\/wp\/v2\/posts\/5039921\/revisions"}],"predecessor-version":[{"id":5039932,"href":"https:\/\/www.upo.es\/diario\/wp-json\/wp\/v2\/posts\/5039921\/revisions\/5039932"}],"wp:attachment":[{"href":"https:\/\/www.upo.es\/diario\/wp-json\/wp\/v2\/media?parent=5039921"}],"wp:term":[{"taxonomy":"category","embeddable":true,"href":"https:\/\/www.upo.es\/diario\/wp-json\/wp\/v2\/categories?post=5039921"},{"taxonomy":"post_tag","embeddable":true,"href":"https:\/\/www.upo.es\/diario\/wp-json\/wp\/v2\/tags?post=5039921"}],"curies":[{"name":"wp","href":"https:\/\/api.w.org\/{rel}","templated":true}]}}