{"id":518850,"date":"2013-02-18T06:45:05","date_gmt":"2013-02-18T06:45:05","guid":{"rendered":"https:\/\/www.upo.es\/diario\/?p=518850"},"modified":"2013-02-18T15:04:49","modified_gmt":"2013-02-18T15:04:49","slug":"se-compite-mejor-cuando-solo-piensas-en-pasarlo-bien-sin-preocuparte-por-el-resultado","status":"publish","type":"post","link":"https:\/\/www.upo.es\/diario\/entrevista\/2013\/02\/se-compite-mejor-cuando-solo-piensas-en-pasarlo-bien-sin-preocuparte-por-el-resultado\/","title":{"rendered":"\u201cSe compite mejor cuando s\u00f3lo piensas en pasarlo bien, sin preocuparte por el resultado\u201d"},"content":{"rendered":"<figure id=\"attachment_518851\" aria-describedby=\"caption-attachment-518851\" style=\"width: 320px\" class=\"wp-caption alignright\"><img loading=\"lazy\" decoding=\"async\" class=\"size-medium wp-image-518851\" alt=\"Dora C\u00f3rdoba\" src=\"https:\/\/www.upo.es\/diario\/wp-content\/uploads\/2013\/02\/cordoba_dora2-320x233.jpg\" width=\"320\" height=\"233\" srcset=\"https:\/\/www.upo.es\/diario\/wp-content\/uploads\/2013\/02\/cordoba_dora2-320x233.jpg 320w, https:\/\/www.upo.es\/diario\/wp-content\/uploads\/2013\/02\/cordoba_dora2-1024x748.jpg 1024w, https:\/\/www.upo.es\/diario\/wp-content\/uploads\/2013\/02\/cordoba_dora2-600x438.jpg 600w, https:\/\/www.upo.es\/diario\/wp-content\/uploads\/2013\/02\/cordoba_dora2.jpg 1544w\" sizes=\"auto, (max-width: 320px) 100vw, 320px\" \/><figcaption id=\"caption-attachment-518851\" class=\"wp-caption-text\">Dora C\u00f3rdoba, estudiante de la UPO y campeona de Espa\u00f1a sub 21 de k\u00e1rate<\/figcaption><\/figure>\n<p><b>Su fuerza de voluntad y sacrificio la han consagrado como una promesa nacional del tatami. Con tan solo 19 a\u00f1os, esta joven ibicenca reside desde hace dos en Sevilla, donde compagina su carrera deportiva con su formaci\u00f3n universitaria. Actualmente, estudia segundo curso del grado de Ciencias de la Actividad F\u00edsica y del Deporte en la UPO y pertenece al programa de deportistas de alto nivel de esta universidad, y aunque se encuentra alejada temporalmente de la competici\u00f3n, mientras se recupera de una lesi\u00f3n, contin\u00faa trabajando a diario para alcanzar sus sue\u00f1os. En esta entrevista, Dora C\u00f3rdoba nos cuenta sus metas a medio y largo plazo, las deportivas y las profesionales, y nos deja entrever la madurez con la que cuenta a pesar de su juventud.<\/b><\/p>\n<p>&nbsp;<\/p>\n<p><b>En los \u00faltimos tres a\u00f1os has conseguido siempre grandes resultados tanto en las competiciones regionales de Baleares como en los campeonatos nacionales. Tu \u00faltimo triunfo es el Campeonato de Espa\u00f1a sub 21, en la modalidad kumite-60 kg, \u00bfqu\u00e9 ha significado esta medalla?<\/b><\/p>\n<p><b>\u00a0<\/b>Esta competici\u00f3n comenz\u00f3 marcada de una manera diferente a todas las anteriores, sin nada de presi\u00f3n mental, que es lo m\u00e1s importante, ya que si no funcionas bien de cabeza da igual la condici\u00f3n f\u00edsica que tengas. Hab\u00eda decidido con anterioridad hacer un peque\u00f1o par\u00f3n para dedicarme a rehabilitaci\u00f3n y no me sent\u00eda presionada, no me agobiaba la idea de \u201cno dar la talla\u201d. Por ello, esta medalla fue muy inesperada y supuso una gran alegr\u00eda, adem\u00e1s aprend\u00ed que cuando mejor se compite es cuando uno sale a pasarlo bien, sea cual sea el resultado.<\/p>\n<p><b>\u00a0<\/b><b>Tras ese triunfo, anunciaste que tu reto era entrar en la preselecci\u00f3n del Campeonato de Europa que se celebraba este mes de febrero, \u00bfqu\u00e9 nos puedes contar sobre ello?<\/b><\/p>\n<p>La preselecci\u00f3n se realiz\u00f3 a finales de enero en Madrid, pero tuve que abandonar en el primer combate por problemas f\u00edsicos. Por ello, estar\u00e9 ahora una temporada haciendo rehabilitaci\u00f3n y descansando, sobretodo psicol\u00f3gicamente, fuera del tatami.<\/p>\n<p><b>\u00a0<\/b><b>\u00bfC\u00f3mo compaginas tu formaci\u00f3n universitaria con la preparaci\u00f3n f\u00edsica que requiere una deportista de tu nivel?<\/b><\/p>\n<p>Intento aprovechar el tiempo de la mejor manera posible y sobre todo es muy importante organizarse bien, aunque para ello muchas veces haya que dejar de lado cosas que nos gustar\u00eda hacer, como por ejemplo, quedar m\u00e1s con los amigos o salir.<\/p>\n<p><b>\u00bfQu\u00e9 facilidades os ofrece la UPO a deportistas de alto nivel como t\u00fa para mantener el ritmo de vuestra preparaci\u00f3n deportiva y las competiciones?<\/b><\/p>\n<p>Esta universidad est\u00e1 implicada con los deportistas de alto nivel y nos facilita el entrenamiento con el acceso gratuito a sus instalaciones y nos permite la reserva de las mismas cuando las necesitamos.<\/p>\n<p><b>Seg\u00fan tu opini\u00f3n, \u00bfqu\u00e9 aspectos podr\u00edan mejorarse a nivel universitario para los deportistas de alto nivel?<\/b><\/p>\n<p>En ocasiones, echamos de menos una mayor comprensi\u00f3n por parte de algunos docentes, para que nos permitan compaginar mejor nuestra formaci\u00f3n con nuestras carreras deportivas. Sin embargo, creo que lo m\u00e1s importante es que hubiera m\u00e1s becas, ya que si no nos dedicamos a un deporte del cual podemos vivir, llegar\u00e1 un momento en el que debamos dejarlo de lado y centrarnos m\u00e1s en los estudios para asegurarnos un mejor futuro profesional.<\/p>\n<p><b>\u00bfQu\u00e9 le pides al 2013 y cu\u00e1les son tus objetivos deportivos y acad\u00e9micos a medio y largo plazo?<\/b><\/p>\n<p>El primer y principal objetivo deportivamente es recuperarme de la lesi\u00f3n que llevo arrastrando desde hace a\u00f1os. Y, despu\u00e9s ya ir\u00e9 marcando metas poco a poco, dependiendo de a qu\u00e9 altura de la temporada est\u00e9 preparada para volver al tatami. En cuanto a los estudios, quiero intentar aprobar el curso completo este a\u00f1o de nuevo y a largo plazo me gustar\u00eda especializarme en aspectos relacionados con el fitness y el entrenamiento personal.<\/p>\n","protected":false},"excerpt":{"rendered":"<p>ENTREVISTA: Su fuerza de voluntad y sacrificio la han consagrado como una promesa nacional del tatami. Con tan solo 19 a\u00f1os, esta joven ibicenca reside desde hace dos en Sevilla, donde compagina su carrera deportiva con su formaci\u00f3n universitaria. Actualmente, estudia segundo curso del grado de Ciencias de la Actividad F\u00edsica y del Deporte en la UPO y pertenece al programa de deportistas de alto nivel de esta universidad, y aunque se encuentra alejada temporalmente de la competici\u00f3n, mientras se recupera de una lesi\u00f3n, contin\u00faa trabajando a diario para alcanzar sus sue\u00f1os. En esta entrevista, Dora C\u00f3rdoba nos cuenta sus metas a medio y largo plazo, las deportivas y las profesionales, y nos deja entrever la madurez con la que cuenta a pesar de su juventud.<\/p>\n","protected":false},"author":4,"featured_media":518852,"comment_status":"closed","ping_status":"open","sticky":false,"template":"","format":"standard","meta":{"_monsterinsights_skip_tracking":false,"_monsterinsights_sitenote_active":false,"_monsterinsights_sitenote_note":"","_monsterinsights_sitenote_category":0,"footnotes":""},"categories":[24],"tags":[231,21,61],"class_list":["post-518850","post","type-post","status-publish","format-standard","has-post-thumbnail","hentry","category-entrevista","tag-deportes-2","tag-estudiantes","tag-karate"],"_links":{"self":[{"href":"https:\/\/www.upo.es\/diario\/wp-json\/wp\/v2\/posts\/518850","targetHints":{"allow":["GET"]}}],"collection":[{"href":"https:\/\/www.upo.es\/diario\/wp-json\/wp\/v2\/posts"}],"about":[{"href":"https:\/\/www.upo.es\/diario\/wp-json\/wp\/v2\/types\/post"}],"author":[{"embeddable":true,"href":"https:\/\/www.upo.es\/diario\/wp-json\/wp\/v2\/users\/4"}],"replies":[{"embeddable":true,"href":"https:\/\/www.upo.es\/diario\/wp-json\/wp\/v2\/comments?post=518850"}],"version-history":[{"count":6,"href":"https:\/\/www.upo.es\/diario\/wp-json\/wp\/v2\/posts\/518850\/revisions"}],"predecessor-version":[{"id":518856,"href":"https:\/\/www.upo.es\/diario\/wp-json\/wp\/v2\/posts\/518850\/revisions\/518856"}],"wp:featuredmedia":[{"embeddable":true,"href":"https:\/\/www.upo.es\/diario\/wp-json\/wp\/v2\/media\/518852"}],"wp:attachment":[{"href":"https:\/\/www.upo.es\/diario\/wp-json\/wp\/v2\/media?parent=518850"}],"wp:term":[{"taxonomy":"category","embeddable":true,"href":"https:\/\/www.upo.es\/diario\/wp-json\/wp\/v2\/categories?post=518850"},{"taxonomy":"post_tag","embeddable":true,"href":"https:\/\/www.upo.es\/diario\/wp-json\/wp\/v2\/tags?post=518850"}],"curies":[{"name":"wp","href":"https:\/\/api.w.org\/{rel}","templated":true}]}}