{"id":518857,"date":"2013-02-17T07:16:53","date_gmt":"2013-02-17T07:16:53","guid":{"rendered":"https:\/\/www.upo.es\/diario\/?p=518857"},"modified":"2013-02-19T07:56:00","modified_gmt":"2013-02-19T07:56:00","slug":"el-lunes-se-inaugura-en-la-universidad-pablo-de-olavide-la-primera-edicion-del-curso-sobre-violencia-de-genero","status":"publish","type":"post","link":"https:\/\/www.upo.es\/diario\/institucional\/2013\/02\/el-lunes-se-inaugura-en-la-universidad-pablo-de-olavide-la-primera-edicion-del-curso-sobre-violencia-de-genero\/","title":{"rendered":"Hoy se inaugura en la Universidad Pablo de Olavide la primera edici\u00f3n del curso sobre Violencia de G\u00e9nero"},"content":{"rendered":"<figure id=\"attachment_441588\" aria-describedby=\"caption-attachment-441588\" style=\"width: 226px\" class=\"wp-caption alignright\"><a href=\"https:\/\/www.upo.es\/diario\/wp-content\/uploads\/2013\/02\/cartel.jpg\"><img loading=\"lazy\" decoding=\"async\" class=\"size-medium wp-image-441588\" alt=\"Curso sobre Violencia de G\u00e9nero\" src=\"https:\/\/www.upo.es\/diario\/wp-content\/uploads\/2013\/02\/cartel-226x320.jpg\" width=\"226\" height=\"320\" srcset=\"https:\/\/www.upo.es\/diario\/wp-content\/uploads\/2013\/02\/cartel-226x320.jpg 226w, https:\/\/www.upo.es\/diario\/wp-content\/uploads\/2013\/02\/cartel-723x1024.jpg 723w, https:\/\/www.upo.es\/diario\/wp-content\/uploads\/2013\/02\/cartel-600x848.jpg 600w\" sizes=\"auto, (max-width: 226px) 100vw, 226px\" \/><\/a><figcaption id=\"caption-attachment-441588\" class=\"wp-caption-text\">El curso sobre Violencia de G\u00e9nero se celebrar\u00e1 los d\u00edas 18 y 19 de febrero<\/figcaption><\/figure>\n<p>Hoy lunes 18 de febrero, a las 16:30 horas, en la sala de grados del Centro Andaluz de Biolog\u00eda del Desarrollo (CABD)\u00a0en la Universidad Pablo de Olavide, se inaugurar\u00e1 la primera edici\u00f3n del <b><a href=\"http:\/\/www.fundaciones.upo.es\/web\/fundacion-universidad-sociedad\/otras-actividades-formativas-2012\/2013?p_p_id=101_INSTANCE_Gb8E&amp;p_p_lifecycle=0&amp;p_p_state=maximized&amp;p_p_mode=view&amp;p_p_col_id=column-1&amp;p_p_col_count=1&amp;_101_INSTANCE_Gb8E_struts_action=%2Fasset_publisher%2Fview_content&amp;_101_INSTANCE_Gb8E_urlTitle=curso-practico-sobre-violencia-de-genero-presencial&amp;_101_INSTANCE_Gb8E_type=content&amp;_101_INSTANCE_Gb8E_redirect=%2Fweb%2Ffundacion-universidad-sociedad%2Fotras-actividades-formativas-2012%2F2013\">curso sobre Violencia de G\u00e9nero<\/a>. <\/b>La inauguraci\u00f3n estar\u00e1 a cargo del rector Vicente Guzm\u00e1n, quien estar\u00e1 acompa\u00f1ado por la directora general de Violencia de G\u00e9nero y Asistencias a V\u00edctimas de la Consejer\u00eda de Justicia e Interior de la Junta de Andaluc\u00eda, Silvia O\u00f1ate; la vicerrectora de Cultura, Participaci\u00f3n y Compromiso Social de la UPO, Elodia Hern\u00e1ndez, y la directora del master en G\u00e9nero e Igualdad de la UPO, Carmen Monreal.<\/p>\n<p><b>\u00a0<\/b>Los principales objetivos del curso son dar a conocer el marco jur\u00eddico-pol\u00edtico internacional, nacional y auton\u00f3mico para prevenir y sancionar la violencia de g\u00e9nero y garantizar los derechos humanos de las v\u00edctimas, el acercamiento a la pr\u00e1ctica procesal en materia de violencia de g\u00e9nero y dom\u00e9stica, analizar la realidad de los Juzgados y del resto de operadores que participan en la persecuci\u00f3n y enjuiciamiento de estos delitos, as\u00ed como fomentar la discusi\u00f3n sobre aspectos metodol\u00f3gicos y de contenido para mejorar la respuesta jur\u00eddica frente a la violencia de g\u00e9nero.<\/p>\n<p>Este nuevo curso, que se imparte los d\u00edas 18 y 19 de febrero y es de car\u00e1cter presencial, se compone de dos fases: la primera, sesiones te\u00f3ricas a trav\u00e9s de conferencias y mesas redondas, moderadas por el profesor de Derecho Procesal de la UPO Ra\u00fal S\u00e1nchez, en la que participar\u00e1n profesionales y expertos de la abogac\u00eda tales como el abogado fiscal, Antonio Jos\u00e9 Mu\u00f1iz; el magistrado del Juzgado de Violencia de G\u00e9nero n\u00famero 2 de Sevilla, Francisco Manuel Guti\u00e9rrez, o el magistrado y el secretario judicial del Juzgado de lo Penal n\u00famero 11 de Sevilla, Joaqu\u00edn Yust y Domingo Dorado, respectivamente, y la segunda fase tiene car\u00e1cter pr\u00e1ctico, con la preparaci\u00f3n y celebraci\u00f3n de un simulacro de juicio a cargo de los jueces y magistrados colaboradores.<\/p>\n<p>El curso sobre Violencia de G\u00e9nero, que cuenta con la colaboraci\u00f3n del Master Superior en Abogac\u00eda de la UPO,\u00a0 est\u00e1 dirigido a los estudiantes de todas las disciplinas acad\u00e9micas con inter\u00e9s en conocer las cuestiones que suscita la materia, as\u00ed como a abogados, jueces, fiscales, fuerzas y cuerpos de Seguridad del Estado, trabajadores sociales, psic\u00f3logos, educadores sociales, pedagogos, psicopedagogos, y asociaciones sin \u00e1nimo de lucro con fines sociales concurrentes con la tem\u00e1tica del curso.<\/p>\n<p>M\u00e1s informaci\u00f3n en: <a href=\"http:\/\/www.fundaciones.upo.es\/web\/fundacion-universidad-sociedad\/otras-actividades-formativas-2012\/2013\">http:\/\/www.fundaciones.upo.es\/web\/fundacion-universidad-sociedad\/otras-actividades-formativas-2012\/2013<\/a><\/p>\n<p><a href=\"https:\/\/www.upo.es\/diario\/wp-content\/uploads\/2013\/02\/prog_cviolenciadegenero1.pdf\">Programa del curso sobre Violencia de G\u00e9nero<\/a><\/p>\n","protected":false},"excerpt":{"rendered":"<p>Hoy lunes 18 de febrero, a las 16:30 horas, en la sala de grados del Centro Andaluz de Biolog\u00eda del Desarrollo (CABD) en la Universidad Pablo de Olavide, se inaugurar\u00e1 la primera edici\u00f3n del curso sobre Violencia de G\u00e9nero. La inauguraci\u00f3n estar\u00e1 a cargo del rector Vicente Guzm\u00e1n, quien estar\u00e1 acompa\u00f1ado por la directora general de Violencia de G\u00e9nero y Asistencias a V\u00edctimas de la Consejer\u00eda de Justicia e Interior de la Junta de Andaluc\u00eda, Silvia O\u00f1ate; la vicerrectora de Cultura, Participaci\u00f3n y Compromiso Social de la UPO, Elodia Hern\u00e1ndez, y la directora del master en G\u00e9nero e Igualdad de la UPO, Carmen Monreal.<\/p>\n","protected":false},"author":4,"featured_media":0,"comment_status":"closed","ping_status":"open","sticky":false,"template":"","format":"standard","meta":{"_monsterinsights_skip_tracking":false,"_monsterinsights_sitenote_active":false,"_monsterinsights_sitenote_note":"","_monsterinsights_sitenote_category":0,"footnotes":""},"categories":[6],"tags":[141,87,118,143],"class_list":["post-518857","post","type-post","status-publish","format-standard","hentry","category-institucional","tag-curso","tag-derecho","tag-master","tag-violencia"],"_links":{"self":[{"href":"https:\/\/www.upo.es\/diario\/wp-json\/wp\/v2\/posts\/518857","targetHints":{"allow":["GET"]}}],"collection":[{"href":"https:\/\/www.upo.es\/diario\/wp-json\/wp\/v2\/posts"}],"about":[{"href":"https:\/\/www.upo.es\/diario\/wp-json\/wp\/v2\/types\/post"}],"author":[{"embeddable":true,"href":"https:\/\/www.upo.es\/diario\/wp-json\/wp\/v2\/users\/4"}],"replies":[{"embeddable":true,"href":"https:\/\/www.upo.es\/diario\/wp-json\/wp\/v2\/comments?post=518857"}],"version-history":[{"count":9,"href":"https:\/\/www.upo.es\/diario\/wp-json\/wp\/v2\/posts\/518857\/revisions"}],"predecessor-version":[{"id":519212,"href":"https:\/\/www.upo.es\/diario\/wp-json\/wp\/v2\/posts\/518857\/revisions\/519212"}],"wp:attachment":[{"href":"https:\/\/www.upo.es\/diario\/wp-json\/wp\/v2\/media?parent=518857"}],"wp:term":[{"taxonomy":"category","embeddable":true,"href":"https:\/\/www.upo.es\/diario\/wp-json\/wp\/v2\/categories?post=518857"},{"taxonomy":"post_tag","embeddable":true,"href":"https:\/\/www.upo.es\/diario\/wp-json\/wp\/v2\/tags?post=518857"}],"curies":[{"name":"wp","href":"https:\/\/api.w.org\/{rel}","templated":true}]}}