{"id":52624,"date":"2012-12-03T10:14:07","date_gmt":"2012-12-03T09:14:07","guid":{"rendered":"https:\/\/www.upo.es\/diario\/?p=52624"},"modified":"2012-12-19T10:16:24","modified_gmt":"2012-12-19T09:16:24","slug":"abierto-el-plazo-de-inscripcion-para-las-becas-santander-crue-cepyme-de-practicas-en-empresa","status":"publish","type":"post","link":"https:\/\/www.upo.es\/diario\/infoupo\/2012\/12\/abierto-el-plazo-de-inscripcion-para-las-becas-santander-crue-cepyme-de-practicas-en-empresa\/","title":{"rendered":"Abierto el plazo de inscripci\u00f3n para las Becas Santander- CRUE- CEPYME de pr\u00e1cticas en empresa"},"content":{"rendered":"<p>Hasta el 31 de enero est\u00e1 abierto el plazo para inscribirse en el programa de becas de Santander Universidades gracias al cual 5.000 estudiantes podr\u00e1n realizar pr\u00e1cticas remuneradas durante tres meses en PYMES de toda Espa\u00f1a. Este programa est\u00e1 organizado en colaboraci\u00f3n con la Conferencia de Rectores de Universidades Espa\u00f1olas (CRUE) y la Confederaci\u00f3n Espa\u00f1ola de la Peque\u00f1a y Mediana Empresa (CEPYME).<\/p>\n<p>Gracias al convenio suscrito en 2011, dos mil quinientos estudiantes pudieron realizar pr\u00e1cticas en la primera convocatoria y casi 5.000 empresas se registraron en el programa. Para este a\u00f1o se conceder\u00e1n cinco mil becas a las que pueden optar universitarios de grado, licenciatura o m\u00e1ster oficial que se encuentren preferentemente en la segunda mitad del plan de estudios. El per\u00edodo de pr\u00e1cticas comenzar\u00e1 a partir del 1 de febrero de 2013, finalizando antes del 30 de septiembre; cada becario recibir\u00e1 una aportaci\u00f3n de 1.800 euros distribuidos en tres meses.<\/p>\n<p>La asignaci\u00f3n de las pr\u00e1cticas correr\u00e1 a cargo de las universidades de acuerdo con criterios de m\u00e9rito, conocimiento de idiomas y valoraci\u00f3n de la candidatura por parte de la empresa en entrevista personal. No obstante, los estudiantes deben inscribirse <em>on-line<\/em> previamente antes del 31 de enero.<\/p>\n<p>El objetivo de este programa es complementar la formaci\u00f3n de los estudiantes y facilitar su inserci\u00f3n profesional. En la primera convocatoria, muchas de las empresas participantes ampliaron el plazo de beca de los estudiantes o incluso les han incorporado a sus plantillas.<\/p>\n<p>Convocatoria e inscripciones: <a href=\"http:\/\/www.becas-santander.com\/\">www.becas-santander.com<\/a><\/p>\n","protected":false},"excerpt":{"rendered":"<p>Hasta el 31 de enero est\u00e1 abierto el plazo para inscribirse en el programa de becas de Santander Universidades gracias al cual 5.000 estudiantes podr\u00e1n realizar pr\u00e1cticas remuneradas durante tres meses en PYMES de toda Espa\u00f1a. Este programa est\u00e1 organizado en colaboraci\u00f3n con la Conferencia de Rectores de Universidades Espa\u00f1olas (CRUE) y la Confederaci\u00f3n Espa\u00f1ola de la Peque\u00f1a y Mediana Empresa (CEPYME). <\/p>\n","protected":false},"author":1,"featured_media":0,"comment_status":"closed","ping_status":"open","sticky":false,"template":"","format":"standard","meta":{"_monsterinsights_skip_tracking":false,"_monsterinsights_sitenote_active":false,"_monsterinsights_sitenote_note":"","_monsterinsights_sitenote_category":0,"footnotes":""},"categories":[5],"tags":[64,66,65],"class_list":["post-52624","post","type-post","status-publish","format-standard","hentry","category-infoupo","tag-becas","tag-empresa","tag-practicas"],"_links":{"self":[{"href":"https:\/\/www.upo.es\/diario\/wp-json\/wp\/v2\/posts\/52624","targetHints":{"allow":["GET"]}}],"collection":[{"href":"https:\/\/www.upo.es\/diario\/wp-json\/wp\/v2\/posts"}],"about":[{"href":"https:\/\/www.upo.es\/diario\/wp-json\/wp\/v2\/types\/post"}],"author":[{"embeddable":true,"href":"https:\/\/www.upo.es\/diario\/wp-json\/wp\/v2\/users\/1"}],"replies":[{"embeddable":true,"href":"https:\/\/www.upo.es\/diario\/wp-json\/wp\/v2\/comments?post=52624"}],"version-history":[{"count":1,"href":"https:\/\/www.upo.es\/diario\/wp-json\/wp\/v2\/posts\/52624\/revisions"}],"predecessor-version":[{"id":52625,"href":"https:\/\/www.upo.es\/diario\/wp-json\/wp\/v2\/posts\/52624\/revisions\/52625"}],"wp:attachment":[{"href":"https:\/\/www.upo.es\/diario\/wp-json\/wp\/v2\/media?parent=52624"}],"wp:term":[{"taxonomy":"category","embeddable":true,"href":"https:\/\/www.upo.es\/diario\/wp-json\/wp\/v2\/categories?post=52624"},{"taxonomy":"post_tag","embeddable":true,"href":"https:\/\/www.upo.es\/diario\/wp-json\/wp\/v2\/tags?post=52624"}],"curies":[{"name":"wp","href":"https:\/\/api.w.org\/{rel}","templated":true}]}}