{"id":53314,"date":"2012-12-11T11:49:43","date_gmt":"2012-12-11T10:49:43","guid":{"rendered":"https:\/\/www.upo.es\/diario\/?p=53314"},"modified":"2012-12-19T12:47:25","modified_gmt":"2012-12-19T11:47:25","slug":"hoy-en-la-upo-conferencia-de-manuel-zafra-sobre-democracia-y-burocracia","status":"publish","type":"post","link":"https:\/\/www.upo.es\/diario\/institucional\/2012\/12\/hoy-en-la-upo-conferencia-de-manuel-zafra-sobre-democracia-y-burocracia\/","title":{"rendered":"Ma\u00f1ana en la UPO, conferencia de Manuel Zafra sobre \u00abDemocracia y Burocracia\u00bb"},"content":{"rendered":"<p>Ma\u00f1ana mi\u00e9rcoles, 12 de diciembre, a las 16:30 horas en el aula 1.07 del edificio 45 de la Universidad Pablo de Olavide,\u00a0Manuel Zafra, profesor de Ciencia Pol\u00edtica y de la Administraci\u00f3n en la Universidad de Granada impartir\u00e1 la conferencia \u201cDemocracia y Burocracia\u201d. Esta actividad se celebra con motivo de su participaci\u00f3n en el \u00c1gora del master universitario \u201cSociedad, Administraci\u00f3n y Pol\u00edtica\u201d de la UPO.<\/p>\n<p>Manuel Zafra V\u00edctor es doctor en Derecho y profesor titular de Ciencia Pol\u00edtica y de la Administraci\u00f3n P\u00fablica de la Universidad de Granada. Ha sido director general de Cooperaci\u00f3n Local en el Ministerio de Administraciones P\u00fablicas (2004-2007), director general de Administraci\u00f3n Local en la Junta de Andaluc\u00eda (2008-2010) y director del Plan Estrat\u00e9gico de la Diputaci\u00f3n de Granada (2003-2004). Es director acad\u00e9mico de Gesti\u00f3n P\u00fablica en el Master de Administraciones P\u00fablicas del CEMCI-Universidad Carlos III y director de Perspectiva Hist\u00f3rica de la Universidad de Granada.<\/p>\n<p>La conferencia de Manuel Zafra forma parte del ciclo de ponencias presentadas en el master universitario \u201cSociedad, Administraci\u00f3n y Pol\u00edtica\u201d de la UPO que tiene como objetivo analizar los problemas derivados del liderazgo en la administraci\u00f3n, los dilemas a los que se enfrentan las personas que dirigen organizaciones y administraciones y las soluciones que se pueden aplicar.<\/p>\n","protected":false},"excerpt":{"rendered":"<p>Ma\u00f1ana mi\u00e9rcoles, 12 de diciembre, a las 16:30 horas en el aula 1.07 del edificio 45 de la Universidad Pablo de Olavide, Manuel Zafra, profesor de Ciencia Pol\u00edtica y de la Administraci\u00f3n en la Universidad de Granada impartir\u00e1 la conferencia \u201cDemocracia y Burocracia\u201d. Esta actividad se celebra con motivo de su participaci\u00f3n en el \u00c1gora del master universitario \u201cSociedad, Administraci\u00f3n y Pol\u00edtica\u201d de la UPO.<\/p>\n","protected":false},"author":6,"featured_media":0,"comment_status":"closed","ping_status":"open","sticky":false,"template":"","format":"standard","meta":{"_monsterinsights_skip_tracking":false,"_monsterinsights_sitenote_active":false,"_monsterinsights_sitenote_note":"","_monsterinsights_sitenote_category":0,"footnotes":""},"categories":[6],"tags":[85,67,84],"class_list":["post-53314","post","type-post","status-publish","format-standard","hentry","category-institucional","tag-agora","tag-ciencias-politicas-y-de-la-administracion","tag-jornadas"],"_links":{"self":[{"href":"https:\/\/www.upo.es\/diario\/wp-json\/wp\/v2\/posts\/53314","targetHints":{"allow":["GET"]}}],"collection":[{"href":"https:\/\/www.upo.es\/diario\/wp-json\/wp\/v2\/posts"}],"about":[{"href":"https:\/\/www.upo.es\/diario\/wp-json\/wp\/v2\/types\/post"}],"author":[{"embeddable":true,"href":"https:\/\/www.upo.es\/diario\/wp-json\/wp\/v2\/users\/6"}],"replies":[{"embeddable":true,"href":"https:\/\/www.upo.es\/diario\/wp-json\/wp\/v2\/comments?post=53314"}],"version-history":[{"count":3,"href":"https:\/\/www.upo.es\/diario\/wp-json\/wp\/v2\/posts\/53314\/revisions"}],"predecessor-version":[{"id":53367,"href":"https:\/\/www.upo.es\/diario\/wp-json\/wp\/v2\/posts\/53314\/revisions\/53367"}],"wp:attachment":[{"href":"https:\/\/www.upo.es\/diario\/wp-json\/wp\/v2\/media?parent=53314"}],"wp:term":[{"taxonomy":"category","embeddable":true,"href":"https:\/\/www.upo.es\/diario\/wp-json\/wp\/v2\/categories?post=53314"},{"taxonomy":"post_tag","embeddable":true,"href":"https:\/\/www.upo.es\/diario\/wp-json\/wp\/v2\/tags?post=53314"}],"curies":[{"name":"wp","href":"https:\/\/api.w.org\/{rel}","templated":true}]}}