{"id":53322,"date":"2012-12-12T11:57:13","date_gmt":"2012-12-12T10:57:13","guid":{"rendered":"https:\/\/www.upo.es\/diario\/?p=53322"},"modified":"2012-12-19T11:58:55","modified_gmt":"2012-12-19T10:58:55","slug":"hoy-en-la-upo-mesa-redonda-sobre-salidas-profesionales-en-derecho-y-en-relaciones-laborales-y-recursos-humanos","status":"publish","type":"post","link":"https:\/\/www.upo.es\/diario\/institucional\/2012\/12\/hoy-en-la-upo-mesa-redonda-sobre-salidas-profesionales-en-derecho-y-en-relaciones-laborales-y-recursos-humanos\/","title":{"rendered":"Hoy en la UPO, mesa redonda sobre salidas profesionales en Derecho y en Relaciones Laborales y Recursos Humanos"},"content":{"rendered":"<p>Hoy mi\u00e9rcoles, 12 de diciembre, a las 13 horas, en el sal\u00f3n de grados del edificio 7 de la Universidad Pablo de Olavide, el decano de la Facultad de Derecho, Andr\u00e9s Rodr\u00edguez Benot presentar\u00e1 y moderar\u00e1 la \u201cMesa Redonda sobre Orientaci\u00f3n a las Salidas Profesionales para los Estudiantes de grado en Derecho y en Relaciones Laborales y Recursos Humanos\u201d. Este encuentro est\u00e1 organizada por la Facultad de Derecho de la UPO y la entrada es libre hasta completar aforo.<\/p>\n<p>La mesa redonda tiene como objetivo orientar a los estudiantes en su inserci\u00f3n laboral tras finalizar sus estudios de grado en Derecho y en Relaciones Laborales y Recursos Humanos. El encuentro contar\u00e1 con la participaci\u00f3n de profesionales como Rafael Hidalgo, presidente del Colegio Oficial de Graduaci\u00f3n Social de Sevilla; Juan Casal, inspector de Trabajo; Ignacio Carrasco, letrado de la Junta de Andaluc\u00eda, V\u00edctor L\u00f3pez, socio-director de LBO Abogados; y Ra\u00fal Ami\u00e1n gerente y director de Recursos Humanos de El Correo de Andaluc\u00eda. Tras las intervenciones de los asistentes se abrir\u00e1 un turno de preguntas.<\/p>\n<p>&nbsp;<\/p>\n<p align=\"center\"><strong>MESA REDONDA SOBRE ORIENTACI\u00d3N PROFESIONAL PARA ESTUDIANTES DE GRADO EN DERECHO Y EN RELACIONES LABORALES Y RECURSOS HUMANOS\u00a0<\/strong><br \/>\n<strong>Sala de grados del edificio 7- Universidad Pablo de Olavide<\/strong><br \/>\n<strong>13 horas- mi\u00e9rcoles, 12 de diciembre<\/strong><\/p>\n<p>Mesa redonda con la participaci\u00f3n de:<\/p>\n<p>Modera: Andr\u00e9s Rodr\u00edguez Benot, decano de la Facultad de Derecho<\/p>\n<p>&#8211;\u00a0<strong>Rafael Hidalgo Romero<\/strong>, presidente del Excmo. Colegio Oficial de Graduados Sociales de Sevilla y letrado del Ilustre Colegio de Abogados de Sevilla.<\/p>\n<p>&#8211;\u00a0<strong>Juan Casal Cansino<\/strong>, inspector de Trabajo. Jefe de la Inspecci\u00f3n de Trabajo de Sevilla.<\/p>\n<p>&#8211;\u00a0<strong>Ignacio Carrasco L\u00f3pez<\/strong>, letrado de la Junta de Andaluc\u00eda.<\/p>\n<p>&#8211;<strong>\u00a0V\u00edctor L\u00f3pez P\u00e9rez<\/strong>, socio-director de LBO Abogados y letrado del Ilustre Colegio de Abogados de Sevilla.<\/p>\n<p>&#8211;\u00a0<strong>Ra\u00fal Ami\u00e1n Cordero<\/strong>, gerente y director de RRHH de El Correo de Andaluc\u00eda.<\/p>\n","protected":false},"excerpt":{"rendered":"<p>Hoy mi\u00e9rcoles, 12 de diciembre, a las 13 horas, en el sal\u00f3n de grados del edificio 7 de la Universidad Pablo de Olavide, el decano de la Facultad de Derecho, Andr\u00e9s Rodr\u00edguez Benot presentar\u00e1 y moderar\u00e1 la \u201cMesa Redonda sobre Orientaci\u00f3n a las Salidas Profesionales para los Estudiantes de grado en Derecho y en Relaciones Laborales y Recursos Humanos\u201d. Este encuentro est\u00e1 organizada por la Facultad de Derecho de la UPO y la entrada es libre hasta completar aforo.<\/p>\n","protected":false},"author":6,"featured_media":0,"comment_status":"closed","ping_status":"open","sticky":false,"template":"","format":"standard","meta":{"_monsterinsights_skip_tracking":false,"_monsterinsights_sitenote_active":false,"_monsterinsights_sitenote_note":"","_monsterinsights_sitenote_category":0,"footnotes":""},"categories":[6],"tags":[87,21,84,88],"class_list":["post-53322","post","type-post","status-publish","format-standard","hentry","category-institucional","tag-derecho","tag-estudiantes","tag-jornadas","tag-relaciones-laborales-y-recursos-humanos"],"_links":{"self":[{"href":"https:\/\/www.upo.es\/diario\/wp-json\/wp\/v2\/posts\/53322","targetHints":{"allow":["GET"]}}],"collection":[{"href":"https:\/\/www.upo.es\/diario\/wp-json\/wp\/v2\/posts"}],"about":[{"href":"https:\/\/www.upo.es\/diario\/wp-json\/wp\/v2\/types\/post"}],"author":[{"embeddable":true,"href":"https:\/\/www.upo.es\/diario\/wp-json\/wp\/v2\/users\/6"}],"replies":[{"embeddable":true,"href":"https:\/\/www.upo.es\/diario\/wp-json\/wp\/v2\/comments?post=53322"}],"version-history":[{"count":1,"href":"https:\/\/www.upo.es\/diario\/wp-json\/wp\/v2\/posts\/53322\/revisions"}],"predecessor-version":[{"id":53323,"href":"https:\/\/www.upo.es\/diario\/wp-json\/wp\/v2\/posts\/53322\/revisions\/53323"}],"wp:attachment":[{"href":"https:\/\/www.upo.es\/diario\/wp-json\/wp\/v2\/media?parent=53322"}],"wp:term":[{"taxonomy":"category","embeddable":true,"href":"https:\/\/www.upo.es\/diario\/wp-json\/wp\/v2\/categories?post=53322"},{"taxonomy":"post_tag","embeddable":true,"href":"https:\/\/www.upo.es\/diario\/wp-json\/wp\/v2\/tags?post=53322"}],"curies":[{"name":"wp","href":"https:\/\/api.w.org\/{rel}","templated":true}]}}