{"id":53350,"date":"2012-12-07T12:29:51","date_gmt":"2012-12-07T11:29:51","guid":{"rendered":"https:\/\/www.upo.es\/diario\/?p=53350"},"modified":"2012-12-19T12:36:14","modified_gmt":"2012-12-19T11:36:14","slug":"el-lunes-se-abre-en-la-upo-la-exposicion-habitar-la-memoria-sobre-la-historia-del-canal-de-los-presos","status":"publish","type":"post","link":"https:\/\/www.upo.es\/diario\/cultura\/2012\/12\/el-lunes-se-abre-en-la-upo-la-exposicion-habitar-la-memoria-sobre-la-historia-del-canal-de-los-presos\/","title":{"rendered":"Nicol\u00e1s S\u00e1nchez-Albornoz y Antonio Miguel Bernal inauguran el lunes la exposici\u00f3n \u201cHabitar la Memoria\u201d"},"content":{"rendered":"<figure id=\"attachment_53351\" aria-describedby=\"caption-attachment-53351\" style=\"width: 300px\" class=\"wp-caption alignright\"><a href=\"https:\/\/www.upo.es\/diario\/wp-content\/uploads\/2012\/12\/1205_1g.jpg\"><img loading=\"lazy\" decoding=\"async\" class=\"size-medium wp-image-53351\" alt=\"La Escalera Teatro durante el proceso de creaci\u00f3n del espect\u00e1culo \u201cSed Habitando la Memoria\u201d\" src=\"https:\/\/www.upo.es\/diario\/wp-content\/uploads\/2012\/12\/1205_1g-300x209.jpg\" width=\"300\" height=\"209\" srcset=\"https:\/\/www.upo.es\/diario\/wp-content\/uploads\/2012\/12\/1205_1g-300x209.jpg 300w, https:\/\/www.upo.es\/diario\/wp-content\/uploads\/2012\/12\/1205_1g-600x419.jpg 600w, https:\/\/www.upo.es\/diario\/wp-content\/uploads\/2012\/12\/1205_1g.jpg 1024w\" sizes=\"auto, (max-width: 300px) 100vw, 300px\" \/><\/a><figcaption id=\"caption-attachment-53351\" class=\"wp-caption-text\">La Escalera Teatro durante el proceso de creaci\u00f3n del espect\u00e1culo \u201cSed Habitando la Memoria\u201d<\/figcaption><\/figure>\n<p>El pr\u00f3ximo lunes 10 de diciembre a las 11 horas en la sala de grados de la Biblioteca de la Universidad Pablo de Olavide, los historiadores\u00a0<strong>Nicol\u00e1s S\u00e1nchez-Albornoz y Abo\u00edn<\/strong>, Doctor Honoris Causa por la Universidad Pablo de Olavide, y\u00a0<strong>Antonio Miguel Bernal<\/strong>, Premio Nacional de Historia de Espa\u00f1a 2006, inaugurar\u00e1n la exposici\u00f3n \u201cHabitar la Memoria\u201d. Los historiadores estar\u00e1n acompa\u00f1ados por la vicerrectora de Cultura, Participaci\u00f3n y Compromiso Social, Elodia Hern\u00e1ndez Le\u00f3n, y por el profesor de la UPO \u00c1ngel del R\u00edo.<\/p>\n<p>La muestra, que podr\u00e1 visitarse del 10 al 21 de diciembre en la sala de exposiciones de la Biblioteca, en horario de 9 a 20 horas, pretende acercar a la comunidad universitaria la historia del Canal del Bajo Guadalquivir, una de las obras p\u00fablicas que mayor n\u00famero de presos absorbi\u00f3 durante la dictadura de Franco, conocida como el Canal de los Presos.<\/p>\n<p>Esta exposici\u00f3n, con la que se pretende conmemorar el D\u00eda de los Derechos Humanos, est\u00e1 organizada por el Vicerrectorado de Cultura, Participaci\u00f3n y Compromiso Social de la UPO, a trav\u00e9s de Extensi\u00f3n Cultural, con la colaboraci\u00f3n del profesor \u00c1ngel del R\u00edo S\u00e1nchez, investigador y antrop\u00f3logo de la Universidad Pablo de Olavide.<\/p>\n<p>La muestra consta de 12 paneles sobre la historia del Canal de los Presos, im\u00e1genes de \u00e9poca y actuales, las pel\u00edculas documentales \u201cLos Presos del Silencio\u201d y \u201cLos Presos del Canal\u201d, el libro \u201cEl Canal de los Presos (1940-1962)\u201d, y otra serie de im\u00e1genes que recogen el proyecto teatral de La Escalera Teatro, con su espect\u00e1culo \u201cSed Habitando la Memoria\u201d.<\/p>\n<p><strong>\u201cSed Habitando la Memoria\u201d<\/strong><\/p>\n<p>Otra de las actividades programadas con motivo del D\u00eda de los Derechos Humanos es la puesta en escena del espect\u00e1culo \u201cSed Habitando la Memoria\u201d el lunes 10 de diciembre a las 12.30 horas en el Paraninfo de la Universidad Pablo de Olavide, una propuesta del Aula de Teatro de la UPO \u201cLa Escalera Teatro\u201d, con la direcci\u00f3n de Mariana Gonz\u00e1lez Roberts. La entrada es libre hasta completar aforo.<\/p>\n<p>El espect\u00e1culo \u201cSed: Habitando la Memoria\u201d es un homenaje a las v\u00edctimas y represaliados pol\u00edticos durante la dictadura de Franco, contando sus vivencias a trav\u00e9s de un recorrido est\u00e9tico por los espacios, las im\u00e1genes, los objetos y, en general, por las superficies expresivas donde habita el cuerpo y su intencionalidad en intensidades.<\/p>\n<p>La obra est\u00e1 creada a partir de un proceso de investigaci\u00f3n sobre el Canal de los Presos, que ha permitido a los actores y actrices enfrentarse al proceso creativo de este espect\u00e1culo. Para ello, han contado con la aportaci\u00f3n informativa del profesor de la UPO \u00c1ngel del R\u00edo S\u00e1nchez, los encuentros mantenidos con Cecilio Gordillo y Antonio Hidalgo, los protagonistas de la historia, y el visionado del documental \u201cLos presos del Silencio\u201d de Eduardo Montero y Mariano Agudo.<\/p>\n","protected":false},"excerpt":{"rendered":"<p>La Universidad Pablo de Olavide acoger\u00e1 del 10 al 21 de diciembre, en la sala de exposiciones de la Biblioteca, en horario de 9 a 20 horas, la muestra \u201cHabitar la Memoria\u201d, una iniciativa que pretende acercar a la comunidad universitaria la historia del Canal del Bajo Guadalquivir, una de las obras p\u00fablicas que mayor n\u00famero de presos absorbi\u00f3 durante la dictadura de Franco, conocida como el Canal de los Presos.<\/p>\n","protected":false},"author":6,"featured_media":0,"comment_status":"closed","ping_status":"open","sticky":false,"template":"","format":"standard","meta":{"_monsterinsights_skip_tracking":false,"_monsterinsights_sitenote_active":false,"_monsterinsights_sitenote_note":"","_monsterinsights_sitenote_category":0,"footnotes":""},"categories":[7],"tags":[74,73],"class_list":["post-53350","post","type-post","status-publish","format-standard","hentry","category-cultura","tag-exposiciones","tag-la-escalera-teatro"],"_links":{"self":[{"href":"https:\/\/www.upo.es\/diario\/wp-json\/wp\/v2\/posts\/53350","targetHints":{"allow":["GET"]}}],"collection":[{"href":"https:\/\/www.upo.es\/diario\/wp-json\/wp\/v2\/posts"}],"about":[{"href":"https:\/\/www.upo.es\/diario\/wp-json\/wp\/v2\/types\/post"}],"author":[{"embeddable":true,"href":"https:\/\/www.upo.es\/diario\/wp-json\/wp\/v2\/users\/6"}],"replies":[{"embeddable":true,"href":"https:\/\/www.upo.es\/diario\/wp-json\/wp\/v2\/comments?post=53350"}],"version-history":[{"count":2,"href":"https:\/\/www.upo.es\/diario\/wp-json\/wp\/v2\/posts\/53350\/revisions"}],"predecessor-version":[{"id":53354,"href":"https:\/\/www.upo.es\/diario\/wp-json\/wp\/v2\/posts\/53350\/revisions\/53354"}],"wp:attachment":[{"href":"https:\/\/www.upo.es\/diario\/wp-json\/wp\/v2\/media?parent=53350"}],"wp:term":[{"taxonomy":"category","embeddable":true,"href":"https:\/\/www.upo.es\/diario\/wp-json\/wp\/v2\/categories?post=53350"},{"taxonomy":"post_tag","embeddable":true,"href":"https:\/\/www.upo.es\/diario\/wp-json\/wp\/v2\/tags?post=53350"}],"curies":[{"name":"wp","href":"https:\/\/api.w.org\/{rel}","templated":true}]}}