{"id":53360,"date":"2012-12-10T12:40:54","date_gmt":"2012-12-10T11:40:54","guid":{"rendered":"https:\/\/www.upo.es\/diario\/?p=53360"},"modified":"2012-12-19T12:41:51","modified_gmt":"2012-12-19T11:41:51","slug":"manana-se-presenta-en-la-upo-el-libro-pensamiento-politico-en-el-siglo-xxi-homenaje-a-antonio-valle-cabrera","status":"publish","type":"post","link":"https:\/\/www.upo.es\/diario\/cultura\/2012\/12\/manana-se-presenta-en-la-upo-el-libro-pensamiento-politico-en-el-siglo-xxi-homenaje-a-antonio-valle-cabrera\/","title":{"rendered":"Ma\u00f1ana se presenta en la UPO el libro \u00abPensamiento pol\u00edtico en el siglo XXI. Homenaje a Antonio Valle Cabrera\u00bb"},"content":{"rendered":"<figure id=\"attachment_52990\" aria-describedby=\"caption-attachment-52990\" style=\"width: 205px\" class=\"wp-caption alignright\"><a href=\"https:\/\/www.upo.es\/diario\/wp-content\/uploads\/2012\/12\/1210_4g.jpg\"><img loading=\"lazy\" decoding=\"async\" class=\"size-medium wp-image-52990\" alt=\"Portada del libro homenaje al profesor Valle Cabrera\" src=\"https:\/\/www.upo.es\/diario\/wp-content\/uploads\/2012\/12\/1210_4g-205x300.jpg\" width=\"205\" height=\"300\" srcset=\"https:\/\/www.upo.es\/diario\/wp-content\/uploads\/2012\/12\/1210_4g-205x300.jpg 205w, https:\/\/www.upo.es\/diario\/wp-content\/uploads\/2012\/12\/1210_4g.jpg 299w\" sizes=\"auto, (max-width: 205px) 100vw, 205px\" \/><\/a><figcaption id=\"caption-attachment-52990\" class=\"wp-caption-text\">Portada del libro homenaje al profesor Valle Cabrera<\/figcaption><\/figure>\n<p>La Universidad Pablo de Olavide acoge ma\u00f1ana martes 11 de diciembre, a las 13 horas en la sala de prensa del Rectorado, la presentaci\u00f3n del libro \u201c<em>Pensamiento pol\u00edtico en el siglo XXI. Homenaje a Antonio Valle Cabrera<\/em>\u201d, coordinado por el profesor de la UPO, V\u00edctor Mu\u00f1oz S\u00e1nchez.<\/p>\n<p>La mesa de presentaci\u00f3n del libro estar\u00e1 compuesta por el rector de la UPO, Vicente Guzm\u00e1n; el catedr\u00e1tico de Derecho Internacional de la Universidad de Sevilla, Joaqu\u00edn Alcalde; el catedr\u00e1tico de Sociolog\u00eda de la Universidad de Sevilla, Juan Maestre, y el coordinador del libro y profesor de la UPO, V\u00edctor Mu\u00f1oz S\u00e1nchez.<\/p>\n<p>El libro contiene la aportaci\u00f3n reflexiva de los autores sobre aspectos de perenne actualidad en el \u00e1mbito del pensamiento pol\u00edtico y es un homenaje a la figura de \u00a0Antonio Valle Cabrera, insigne profesor de Sociolog\u00eda de la Universidad Pablo de Olavide.<\/p>\n","protected":false},"excerpt":{"rendered":"<p>La Universidad Pablo de Olavide acoge ma\u00f1ana martes 11 de diciembre, a las 13 horas en la sala de prensa del Rectorado, la presentaci\u00f3n del libro \u201cPensamiento pol\u00edtico en el siglo XXI. Homenaje a Antonio Valle Cabrera\u201d, coordinado por el profesor de la UPO, V\u00edctor Mu\u00f1oz S\u00e1nchez.<\/p>\n","protected":false},"author":6,"featured_media":0,"comment_status":"closed","ping_status":"open","sticky":false,"template":"","format":"standard","meta":{"_monsterinsights_skip_tracking":false,"_monsterinsights_sitenote_active":false,"_monsterinsights_sitenote_note":"","_monsterinsights_sitenote_category":0,"footnotes":""},"categories":[7],"tags":[5835],"class_list":["post-53360","post","type-post","status-publish","format-standard","hentry","category-cultura","tag-libros"],"_links":{"self":[{"href":"https:\/\/www.upo.es\/diario\/wp-json\/wp\/v2\/posts\/53360","targetHints":{"allow":["GET"]}}],"collection":[{"href":"https:\/\/www.upo.es\/diario\/wp-json\/wp\/v2\/posts"}],"about":[{"href":"https:\/\/www.upo.es\/diario\/wp-json\/wp\/v2\/types\/post"}],"author":[{"embeddable":true,"href":"https:\/\/www.upo.es\/diario\/wp-json\/wp\/v2\/users\/6"}],"replies":[{"embeddable":true,"href":"https:\/\/www.upo.es\/diario\/wp-json\/wp\/v2\/comments?post=53360"}],"version-history":[{"count":1,"href":"https:\/\/www.upo.es\/diario\/wp-json\/wp\/v2\/posts\/53360\/revisions"}],"predecessor-version":[{"id":53361,"href":"https:\/\/www.upo.es\/diario\/wp-json\/wp\/v2\/posts\/53360\/revisions\/53361"}],"wp:attachment":[{"href":"https:\/\/www.upo.es\/diario\/wp-json\/wp\/v2\/media?parent=53360"}],"wp:term":[{"taxonomy":"category","embeddable":true,"href":"https:\/\/www.upo.es\/diario\/wp-json\/wp\/v2\/categories?post=53360"},{"taxonomy":"post_tag","embeddable":true,"href":"https:\/\/www.upo.es\/diario\/wp-json\/wp\/v2\/tags?post=53360"}],"curies":[{"name":"wp","href":"https:\/\/api.w.org\/{rel}","templated":true}]}}