{"id":53695,"date":"2012-12-19T13:10:46","date_gmt":"2012-12-19T12:10:46","guid":{"rendered":"https:\/\/www.upo.es\/diario\/?p=53695"},"modified":"2012-12-20T13:30:48","modified_gmt":"2012-12-20T12:30:48","slug":"mas-de-1-600-estudiantes-y-titulados-hicieron-practicas-en-empresas-en-el-curso-20112012","status":"publish","type":"post","link":"https:\/\/www.upo.es\/diario\/institucional\/2012\/12\/mas-de-1-600-estudiantes-y-titulados-hicieron-practicas-en-empresas-en-el-curso-20112012\/","title":{"rendered":"M\u00e1s de 1.600 estudiantes y titulados hicieron pr\u00e1cticas en empresas en el curso 2011\/2012"},"content":{"rendered":"<figure id=\"attachment_53696\" aria-describedby=\"caption-attachment-53696\" style=\"width: 320px\" class=\"wp-caption alignright\"><a href=\"https:\/\/www.upo.es\/diario\/wp-content\/uploads\/2012\/12\/patronato_fus.jpg\"><img loading=\"lazy\" decoding=\"async\" class=\"size-full wp-image-53696\" alt=\"Patronato de la Fundaci\u00f3n Conocimiento y Cultura\" src=\"https:\/\/www.upo.es\/diario\/wp-content\/uploads\/2012\/12\/patronato_fus-e1355922823719.jpg\" width=\"320\" height=\"215\" \/><\/a><figcaption id=\"caption-attachment-53696\" class=\"wp-caption-text\">El Patronato de la Fundaci\u00f3n Conocimiento y Cultura, presidido por el rector<\/figcaption><\/figure>\n<p>El Patronato de la Fundaci\u00f3n Universidad-Sociedad, presidido por el rector de la Universidad Pablo de Olavide, Vicente Guzm\u00e1n Fluja, se ha reunido para aprobar su presupuesto y el Plan de Actuaci\u00f3n para el pr\u00f3ximo a\u00f1o. Adem\u00e1s, durante la reuni\u00f3n la Fundaci\u00f3n ha presentado el informe de gesti\u00f3n correspondiente al a\u00f1o acad\u00e9mico anterior y el avance de cierre de cuentas anuales del ejercicio 2012.<\/p>\n<p>En concreto, durante el curso 2011\/2012, la Fundaci\u00f3n ha gestionado un total de 1.637 pr\u00e1cticas en empresas de las cuales 896 corresponden a pr\u00e1cticas curriculares o regladas de los estudiantes de licenciaturas y grados, 279 son pr\u00e1cticas regladas de postgrado y el resto pertenecen a distintos programas de pr\u00e1cticas: 168 a inserci\u00f3n profesional, 169 al programa EPES para titulados universitarios y 125 son pr\u00e1cticas PRAEM. Adem\u00e1s, se ha resaltado que esta amplia oferta ha cubierto todas las titulaciones de la UPO, con el objetivo de complementar la formaci\u00f3n de todos los estudiantes y titulados, ofreci\u00e9ndoles pr\u00e1cticas que les acerquen al mundo laboral y favorezcan su futura inserci\u00f3n laboral.<\/p>\n<p><strong>CASI 100 CURSOS<\/strong><\/p>\n<p>Con respecto a la formaci\u00f3n, la Fundaci\u00f3n ha gestionado un total de 96 cursos, de los cuales 73 son T\u00edtulos Propios de Formaci\u00f3n Especializada de la Universidad Pablo de Olavide, 14 son cursos de formaci\u00f3n in company y el resto corresponde a diferentes jornadas y eventos formativos impulsados desde la Fundaci\u00f3n. En todos ellos, han participado 2.106 alumnos.<\/p>\n<p>Asimismo, la Fundaci\u00f3n ha llevado a cabo durante el curso anterior otros proyectos e iniciativas entre los que destacan, el servicio de orientaci\u00f3n laboral Andaluc\u00eda Orienta con 3.049 atenciones individuales y 158 talleres grupales; programas de inserci\u00f3n laboral, actividades de fomento de la cultura emprendedora y la Feria Universitaria 360\u00ba de Empleo, Postgrado y Emprendedores que, con un formato nuevo e innovador, uni\u00f3 por primera vez el encuentro presencial y el virtual. Adem\u00e1s, la Fundaci\u00f3n ha continuado apostando por las nuevas tecnolog\u00edas y fomentando la comunicaci\u00f3n a trav\u00e9s de su web, las redes sociales o el bolet\u00edn digital.<\/p>\n<p>Con todas estas actividades, la Fundaci\u00f3n impulsa el di\u00e1logo entre la Universidad y las diferentes empresas e instituciones de su entorno, con el objetivo de complementar la formaci\u00f3n de los estudiantes y egresados de la UPO y favorecer su inserci\u00f3n laboral.<\/p>\n<p>Adem\u00e1s del rector de la UPO, que ha presidido la reuni\u00f3n del Patronato, han asistido: Jos\u00e9 Antonio Colmenero Guerra, secretario general de la UPO, Ana G\u00f3mez P\u00e9rez, vicepresidenta ejecutiva de la Fundaci\u00f3n; Bruno Mart\u00ednez Haya, vicerrector de Investigaci\u00f3n y Transferencia de Tecnolog\u00eda; Miguel \u00c1ngel Gual Font, vicerrector de Posgrado, Formaci\u00f3n Permanente y Empleo; Andr\u00e9s Rodr\u00edguez Benot, decano de la Facultad de Derecho, Rafael C\u00e1ceres Selma, representante de sindicatos mayoritarios y Jos\u00e9 Antonio Mart\u00ednez, secretario del Consejo Social.<\/p>\n","protected":false},"excerpt":{"rendered":"<p>El Patronato de la Fundaci\u00f3n Universidad-Sociedad, presidido por el rector de la Universidad Pablo de Olavide, Vicente Guzm\u00e1n Fluja, se ha reunido para aprobar su presupuesto y el Plan de Actuaci\u00f3n para el pr\u00f3ximo a\u00f1o. Adem\u00e1s, durante la reuni\u00f3n la Fundaci\u00f3n ha presentado el informe de gesti\u00f3n correspondiente al a\u00f1o acad\u00e9mico anterior y el avance de cierre de cuentas anuales del ejercicio 2012.<\/p>\n","protected":false},"author":6,"featured_media":0,"comment_status":"closed","ping_status":"open","sticky":false,"template":"","format":"standard","meta":{"_monsterinsights_skip_tracking":false,"_monsterinsights_sitenote_active":false,"_monsterinsights_sitenote_note":"","_monsterinsights_sitenote_category":0,"footnotes":""},"categories":[6],"tags":[47,65],"class_list":["post-53695","post","type-post","status-publish","format-standard","hentry","category-institucional","tag-fundaciones","tag-practicas"],"_links":{"self":[{"href":"https:\/\/www.upo.es\/diario\/wp-json\/wp\/v2\/posts\/53695","targetHints":{"allow":["GET"]}}],"collection":[{"href":"https:\/\/www.upo.es\/diario\/wp-json\/wp\/v2\/posts"}],"about":[{"href":"https:\/\/www.upo.es\/diario\/wp-json\/wp\/v2\/types\/post"}],"author":[{"embeddable":true,"href":"https:\/\/www.upo.es\/diario\/wp-json\/wp\/v2\/users\/6"}],"replies":[{"embeddable":true,"href":"https:\/\/www.upo.es\/diario\/wp-json\/wp\/v2\/comments?post=53695"}],"version-history":[{"count":7,"href":"https:\/\/www.upo.es\/diario\/wp-json\/wp\/v2\/posts\/53695\/revisions"}],"predecessor-version":[{"id":59976,"href":"https:\/\/www.upo.es\/diario\/wp-json\/wp\/v2\/posts\/53695\/revisions\/59976"}],"wp:attachment":[{"href":"https:\/\/www.upo.es\/diario\/wp-json\/wp\/v2\/media?parent=53695"}],"wp:term":[{"taxonomy":"category","embeddable":true,"href":"https:\/\/www.upo.es\/diario\/wp-json\/wp\/v2\/categories?post=53695"},{"taxonomy":"post_tag","embeddable":true,"href":"https:\/\/www.upo.es\/diario\/wp-json\/wp\/v2\/tags?post=53695"}],"curies":[{"name":"wp","href":"https:\/\/api.w.org\/{rel}","templated":true}]}}