{"id":53699,"date":"2012-12-20T08:17:48","date_gmt":"2012-12-20T07:17:48","guid":{"rendered":"https:\/\/www.upo.es\/diario\/?p=53699"},"modified":"2012-12-20T13:30:48","modified_gmt":"2012-12-20T12:30:48","slug":"estudiantes-de-la-facultad-de-humanidades-de-la-upo-representaran-la-obra-la-asamblea-de-las-mujeres","status":"publish","type":"post","link":"https:\/\/www.upo.es\/diario\/cultura\/2012\/12\/estudiantes-de-la-facultad-de-humanidades-de-la-upo-representaran-la-obra-la-asamblea-de-las-mujeres\/","title":{"rendered":"Estudiantes de la Facultad de Humanidades de la UPO representar\u00e1n la obra \u00abLa Asamblea de las Mujeres\u00bb"},"content":{"rendered":"<div>\n<p>A las 18 horas en el Paraninfo de la Universidad Pablo de Olavide, el grupo de teatro grecolatino de la Facultad de Humanidades de la UPO \u201cFuror Bacchiccus Teatro\u201d representar\u00e1 la obra \u201cLa asamblea de las mujeres\u201d, una comedia del autor cl\u00e1sico Arist\u00f3fanes en la que las mujeres se hacen con el gobierno de la polis ateniense. La entrada es libre hasta completar aforo.<\/p>\n<p>\u201cFuror Bacchicus Teatro\u201d nace en 2012 en el seno de la Facultad de Humanidades de la Universidad Pablo de Olavide para explorar y difundir el teatro grecolatino y con ello reivindicar la cultura y los saberes human\u00edsticos como bienes de primera necesidad. Est\u00e1 formada por cerca de cuarenta alumnos de los Grados en Humanidades, Geograf\u00eda e Historia, y Doble Grado en Humanidades y Traducci\u00f3n e Interpretaci\u00f3n, con la colaboraci\u00f3n del \u00c1rea de Filolog\u00eda Latina de la Universidad Pablo de Olavide.<\/p>\n<p>El pr\u00f3ximo 11 de enero a las 12 horas se llevar\u00e1 cabo una segunda representaci\u00f3n exclusiva para estudiantes de bachillerato y sus profesores.<\/p>\n<p align=\"center\"><b>Ficha t\u00e9cnica<\/b><\/p>\n<p align=\"center\"><b>Equipo art\u00edstico<\/b><\/p>\n<p align=\"center\">\n<\/div>\n<div>\n<p align=\"center\">Noelia Rom\u00e1n\u00a0\u00a0\u00a0\u00a0\u00a0\u00a0\u00a0\u00a0\u00a0\u00a0\u00a0 <i>Prax\u00e1gora<\/i><\/p>\n<p align=\"center\">Mar\u00eda L\u00f3pez\u00a0\u00a0\u00a0\u00a0\u00a0\u00a0\u00a0\u00a0\u00a0\u00a0\u00a0\u00a0\u00a0\u00a0 <i>Mujer<\/i><\/p>\n<p align=\"center\">Aurora Ortega \u00a0\u00a0\u00a0\u00a0\u00a0\u00a0\u00a0\u00a0\u00a0\u00a0\u00a0<i>Mujer<\/i><\/p>\n<p align=\"center\">Miriam Sivianes\u00a0\u00a0\u00a0\u00a0\u00a0\u00a0 \u00a0\u00a0<i>Mujer\/Servidora<\/i><\/p>\n<p align=\"center\">Juan Jes\u00fas Garrido \u00a0\u00a0\u00a0\u00a0<i>Bl\u00e9piro<\/i><\/p>\n<p align=\"center\">Paco Pi\u00f1a \u00a0\u00a0\u00a0\u00a0\u00a0\u00a0\u00a0\u00a0\u00a0\u00a0\u00a0\u00a0\u00a0\u00a0\u00a0\u00a0\u00a0\u00a0<i>Cremes<\/i><\/p>\n<p align=\"center\">Jos\u00e9 Antonio El\u00edas \u00a0\u00a0\u00a0\u00a0<i>Hombre<\/i><\/p>\n<p align=\"center\">Laura Cala \u00a0\u00a0\u00a0\u00a0\u00a0\u00a0\u00a0\u00a0\u00a0\u00a0\u00a0\u00a0\u00a0\u00a0\u00a0\u00a0\u00a0<i>La joven<\/i><\/p>\n<p align=\"center\">Luis M. Mart\u00edn \u00a0\u00a0\u00a0\u00a0\u00a0\u00a0\u00a0\u00a0\u00a0\u00a0<i>El joven<\/i><\/p>\n<p align=\"center\">Mar\u00eda Jim\u00e9rez \u00a0\u00a0\u00a0\u00a0\u00a0\u00a0\u00a0\u00a0\u00a0\u00a0\u00a0<i>Vieja<\/i><\/p>\n<p align=\"center\">Candelaria Aroca \u00a0\u00a0\u00a0\u00a0\u00a0\u00a0<i>Vieja<\/i><\/p>\n<p align=\"center\">Julia Ventura \u00a0\u00a0\u00a0\u00a0\u00a0\u00a0\u00a0\u00a0\u00a0\u00a0\u00a0\u00a0\u00a0<i>Vieja<\/i><\/p>\n<p align=\"center\">Marta Cuevas \u00a0\u00a0\u00a0\u00a0\u00a0\u00a0\u00a0\u00a0\u00a0\u00a0\u00a0\u00a0<i>Heralda<\/i><\/p>\n<p align=\"center\">Rey Meza \u00a0\u00a0\u00a0\u00a0\u00a0\u00a0\u00a0\u00a0\u00a0\u00a0\u00a0\u00a0\u00a0\u00a0\u00a0\u00a0\u00a0\u00a0<i>Corifeo<\/i><\/p>\n<p align=\"center\"><b>Coro<\/b><\/p>\n<p align=\"center\">Ana Roc\u00edo Montilla<\/p>\n<p align=\"center\">\u00c1ngela Garc\u00eda<\/p>\n<p align=\"center\">Beatriz Huertas<\/p>\n<p align=\"center\">Clara Tello<\/p>\n<p align=\"center\">Escardiel Garc\u00eda<\/p>\n<p align=\"center\">Gloria Flores<\/p>\n<p align=\"center\">Laura Estrada<\/p>\n<p align=\"center\">Luc\u00eda Lobato<\/p>\n<p align=\"center\">Marta Cuenca<\/p>\n<p align=\"center\">Marta Cuevas<\/p>\n<p align=\"center\">Paula P\u00e9rez de Vargas<\/p>\n<p align=\"center\">Pilar Figueroa<\/p>\n<p align=\"center\">Remedios Jim\u00e9nez<\/p>\n<p align=\"center\">Sara Dom\u00ednguez<\/p>\n<p align=\"center\">Tatiana S\u00e1nchez<\/p>\n<p align=\"center\">Virginia Vaca<\/p>\n<\/div>\n<p align=\"center\"><b>Coordinaci\u00f3n:<\/b> Rosario Moreno.<\/p>\n<p align=\"center\"><b>Atrezzo y decorado:<\/b> Aurora Ortega, Sara Relinque, Rosario Moreno.<\/p>\n<p align=\"center\"><b>Coreograf\u00eda:<\/b> Charo Morales.<\/p>\n<p align=\"center\"><b>Vestuario:<\/b> Magdalena Soldado, Charo Morales, Carmen Jim\u00e9nez, Sara Relinque.<\/p>\n<p align=\"center\"><b>Difusi\u00f3n:<\/b> Laura Estrada, Marta Cuenca.<\/p>\n","protected":false},"excerpt":{"rendered":"<p>A las 18 horas en el Paraninfo de la Universidad Pablo de Olavide, el grupo de teatro grecolatino de la Facultad de Humanidades de la UPO \u201cFuror Bacchiccus Teatro\u201d representar\u00e1 la obra \u201cLa asamblea de las mujeres\u201d, una comedia del autor cl\u00e1sico Arist\u00f3fanes en la que las mujeres se hacen con el gobierno de la polis ateniense. La entrada es libre hasta completar aforo.<\/p>\n","protected":false},"author":6,"featured_media":0,"comment_status":"closed","ping_status":"open","sticky":false,"template":"","format":"standard","meta":{"_monsterinsights_skip_tracking":false,"_monsterinsights_sitenote_active":false,"_monsterinsights_sitenote_note":"","_monsterinsights_sitenote_category":0,"footnotes":""},"categories":[7],"tags":[96,95],"class_list":["post-53699","post","type-post","status-publish","format-standard","hentry","category-cultura","tag-facultad-de-humanidades","tag-teatro"],"_links":{"self":[{"href":"https:\/\/www.upo.es\/diario\/wp-json\/wp\/v2\/posts\/53699","targetHints":{"allow":["GET"]}}],"collection":[{"href":"https:\/\/www.upo.es\/diario\/wp-json\/wp\/v2\/posts"}],"about":[{"href":"https:\/\/www.upo.es\/diario\/wp-json\/wp\/v2\/types\/post"}],"author":[{"embeddable":true,"href":"https:\/\/www.upo.es\/diario\/wp-json\/wp\/v2\/users\/6"}],"replies":[{"embeddable":true,"href":"https:\/\/www.upo.es\/diario\/wp-json\/wp\/v2\/comments?post=53699"}],"version-history":[{"count":7,"href":"https:\/\/www.upo.es\/diario\/wp-json\/wp\/v2\/posts\/53699\/revisions"}],"predecessor-version":[{"id":59973,"href":"https:\/\/www.upo.es\/diario\/wp-json\/wp\/v2\/posts\/53699\/revisions\/59973"}],"wp:attachment":[{"href":"https:\/\/www.upo.es\/diario\/wp-json\/wp\/v2\/media?parent=53699"}],"wp:term":[{"taxonomy":"category","embeddable":true,"href":"https:\/\/www.upo.es\/diario\/wp-json\/wp\/v2\/categories?post=53699"},{"taxonomy":"post_tag","embeddable":true,"href":"https:\/\/www.upo.es\/diario\/wp-json\/wp\/v2\/tags?post=53699"}],"curies":[{"name":"wp","href":"https:\/\/api.w.org\/{rel}","templated":true}]}}