{"id":562669,"date":"2013-02-20T13:01:29","date_gmt":"2013-02-20T13:01:29","guid":{"rendered":"https:\/\/www.upo.es\/diario\/?p=562669"},"modified":"2013-02-20T13:01:29","modified_gmt":"2013-02-20T13:01:29","slug":"el-parlamento-andaluz-aprueba-la-creacion-de-los-colegios-profesionales-de-dietistas-nutricionistas-y-titulados-en-ambientales","status":"publish","type":"post","link":"https:\/\/www.upo.es\/diario\/infoupo\/2013\/02\/el-parlamento-andaluz-aprueba-la-creacion-de-los-colegios-profesionales-de-dietistas-nutricionistas-y-titulados-en-ambientales\/","title":{"rendered":"El Parlamento andaluz aprueba la creaci\u00f3n de los colegios profesionales de Dietistas-Nutricionistas y titulados en Ambientales"},"content":{"rendered":"<p>El Parlamento de Andaluc\u00eda aprob\u00f3 el pasado mi\u00e9rcoles 13 de febrero dos proyectos de ley para la creaci\u00f3n del <b>Colegio Profesional de Dietistas-Nutricionistas<\/b> de Andaluc\u00eda y del <b>Colegio Profesional de Licenciados y Graduados en Ciencias Ambientales<\/b> de Andaluc\u00eda.<\/p>\n<p>En los nuevos colegios podr\u00e1n integrarse todos aquellos profesionales que cuenten con diplomaturas o t\u00edtulos de Grado oficiales en Nutrici\u00f3n Humana y Diet\u00e9tica; licenciaturas o t\u00edtulos de Grado oficiales en Ciencias Ambientales, y otras titulaciones habilitantes y homologadas para el desarrollo de ambos trabajos. La creaci\u00f3n de estos colegios fue solicitada por la <a href=\"http:\/\/www.adunda.org\/\">Asociaci\u00f3n de Diplomados Universitarios en Nutrici\u00f3n Humana y Diet\u00e9tica de Andaluc\u00eda<\/a> y por la <a href=\"http:\/\/proamba.org\/\">Asociaci\u00f3n Profesional de Ambient\u00f3logos y Ambient\u00f3logas de Andaluc\u00eda<\/a>. Ambas entidades ser\u00e1n las designadas para elaborar los estatutos y convocar las correspondientes asambleas constituyentes.<\/p>\n<p>El Grado en Nutrici\u00f3n Humana y Diet\u00e9tica puede obtenerse en las universidades de Granada y Pablo de Olavide. En cuanto a los estudios de Ciencias Ambientales, se imparten en todas las provincias andaluzas y en la UNED.<\/p>\n<p>Como colegios \u00fanicos de \u00e1mbito auton\u00f3mico, las nuevas organizaciones profesionales asumir\u00e1n las funciones que la legislaci\u00f3n de la comunidad atribuye a los Consejos Andaluces de Colegios Profesionales y ser\u00e1n las encargadas de relacionarse en todo lo referente a contenidos de tipo profesional con la Junta de Andaluc\u00eda.<\/p>\n<p>Fuente: <a href=\"http:\/\/www.parlamentodeandalucia.es\/webdinamica\/portal-web-parlamento\/actualidad\/comunicadosdeprensa.do?id=76013\">Parlamento de Andaluc\u00eda<\/a> y <a href=\"http:\/\/www.europapress.es\/andalucia\/sevilla-00357\/noticia-parlamento-convalida-creacion-colegios-profesionales-dietistas-nutricionistas-titulados-ambientales-20130213174531.html\">EUROPA PRESS<\/a><\/p>\n","protected":false},"excerpt":{"rendered":"<p>En los nuevos colegios podr\u00e1n integrarse todos aquellos profesionales que cuenten con diplomaturas o t\u00edtulos de Grado oficiales en Nutrici\u00f3n Humana y Diet\u00e9tica; licenciaturas o t\u00edtulos de Grado oficiales en Ciencias Ambientales, y otras titulaciones habilitantes y homologadas para el desarrollo de ambos trabajos.<\/p>\n","protected":false},"author":6,"featured_media":0,"comment_status":"closed","ping_status":"open","sticky":false,"template":"","format":"standard","meta":{"_monsterinsights_skip_tracking":false,"_monsterinsights_sitenote_active":false,"_monsterinsights_sitenote_note":"","_monsterinsights_sitenote_category":0,"footnotes":""},"categories":[5],"tags":[260,261,138],"class_list":["post-562669","post","type-post","status-publish","format-standard","hentry","category-infoupo","tag-ciencias-ambientales","tag-nutricion","tag-parlamento"],"_links":{"self":[{"href":"https:\/\/www.upo.es\/diario\/wp-json\/wp\/v2\/posts\/562669","targetHints":{"allow":["GET"]}}],"collection":[{"href":"https:\/\/www.upo.es\/diario\/wp-json\/wp\/v2\/posts"}],"about":[{"href":"https:\/\/www.upo.es\/diario\/wp-json\/wp\/v2\/types\/post"}],"author":[{"embeddable":true,"href":"https:\/\/www.upo.es\/diario\/wp-json\/wp\/v2\/users\/6"}],"replies":[{"embeddable":true,"href":"https:\/\/www.upo.es\/diario\/wp-json\/wp\/v2\/comments?post=562669"}],"version-history":[{"count":2,"href":"https:\/\/www.upo.es\/diario\/wp-json\/wp\/v2\/posts\/562669\/revisions"}],"predecessor-version":[{"id":562671,"href":"https:\/\/www.upo.es\/diario\/wp-json\/wp\/v2\/posts\/562669\/revisions\/562671"}],"wp:attachment":[{"href":"https:\/\/www.upo.es\/diario\/wp-json\/wp\/v2\/media?parent=562669"}],"wp:term":[{"taxonomy":"category","embeddable":true,"href":"https:\/\/www.upo.es\/diario\/wp-json\/wp\/v2\/categories?post=562669"},{"taxonomy":"post_tag","embeddable":true,"href":"https:\/\/www.upo.es\/diario\/wp-json\/wp\/v2\/tags?post=562669"}],"curies":[{"name":"wp","href":"https:\/\/api.w.org\/{rel}","templated":true}]}}