{"id":562672,"date":"2013-02-21T06:11:53","date_gmt":"2013-02-21T06:11:53","guid":{"rendered":"https:\/\/www.upo.es\/diario\/?p=562672"},"modified":"2013-02-21T07:15:32","modified_gmt":"2013-02-21T07:15:32","slug":"el-ciclo-de-conferencias-itinerarios-culturales-por-el-reino-de-sevilla-dedica-su-ultima-sesion-a-alcala-de-guadaira","status":"publish","type":"post","link":"https:\/\/www.upo.es\/diario\/cultura\/2013\/02\/el-ciclo-de-conferencias-itinerarios-culturales-por-el-reino-de-sevilla-dedica-su-ultima-sesion-a-alcala-de-guadaira\/","title":{"rendered":"El ciclo de conferencias \u201cItinerarios Culturales por el Reino de Sevilla\u201d dedica su \u00faltima sesi\u00f3n a Alcal\u00e1 de Guada\u00edra"},"content":{"rendered":"<figure id=\"attachment_327369\" aria-describedby=\"caption-attachment-327369\" style=\"width: 315px\" class=\"wp-caption alignright\"><a href=\"https:\/\/www.upo.es\/diario\/wp-content\/uploads\/2013\/01\/cartel_itinerarios_sevilla_2013.jpg\"><img loading=\"lazy\" decoding=\"async\" class=\"size-medium wp-image-327369\" alt=\"cartel \u201cItinerarios culturales por el reino de Sevilla\u201d\" src=\"https:\/\/www.upo.es\/diario\/wp-content\/uploads\/2013\/01\/cartel_itinerarios_sevilla_2013-315x320.jpg\" width=\"315\" height=\"320\" srcset=\"https:\/\/www.upo.es\/diario\/wp-content\/uploads\/2013\/01\/cartel_itinerarios_sevilla_2013-315x320.jpg 315w, https:\/\/www.upo.es\/diario\/wp-content\/uploads\/2013\/01\/cartel_itinerarios_sevilla_2013-1008x1024.jpg 1008w, https:\/\/www.upo.es\/diario\/wp-content\/uploads\/2013\/01\/cartel_itinerarios_sevilla_2013-600x609.jpg 600w\" sizes=\"auto, (max-width: 315px) 100vw, 315px\" \/><\/a><figcaption id=\"caption-attachment-327369\" class=\"wp-caption-text\">Las conferencias tienen lugar en la Residencia Universitaria Flora Trist\u00e1n<\/figcaption><\/figure>\n<p>Hoy jueves 21 de febrero, a las 18 horas en el sal\u00f3n de actos de la Residencia Universitaria Flora Trist\u00e1n de la Universidad Pablo de Olavide, continuar\u00e1 el Ciclo de Conferencias \u201cItinerarios Culturales por el Reino de Sevilla\u201d dedicado en su \u00faltima sesi\u00f3n a Alcal\u00e1 de Guada\u00edra. El profesor del \u00c1rea de Historia Medieval de la UPO, Jos\u00e9 Mar\u00eda Miura, impartir\u00e1 las ponencias que se celebran entre hoy y ma\u00f1ana, 22 de febrero, tituladas \u201cAlcal\u00e1 Hist\u00f3rica\u201d y \u201cEl Patrimonio Cultural de Alcal\u00e1 de Guada\u00edra\u201d, respectivamente. El ciclo de conferencias finalizar\u00e1 el s\u00e1bado, 23 de febrero, con la visita guiada a Alcal\u00e1 de Guada\u00edra. La asistencia a las conferencias est\u00e1 abierta hasta completar aforo mientras que las visitas guiadas se limitar\u00e1n a un m\u00e1ximo de 55 asistentes.<\/p>\n<p>Este ciclo, que comenz\u00f3 en noviembre y que finaliza el s\u00e1bado, 23 de febrero, est\u00e1 organizado por los profesores del \u00c1rea de Historia Medieval de la UPO, Jose Mar\u00eda Miura Andrades y Silvia Mar\u00eda P\u00e9rez Gonz\u00e1lez, con la colaboraci\u00f3n de la Facultad de Humanidades, el Departamento de Geograf\u00eda, Historia y Filosof\u00eda y la Residencia Universitaria Flora Trist\u00e1n de la UPO, y financiada por el programa \u201cLa UPO para tod@s\u201d del Vicerrectorado de Cultura, Participaci\u00f3n y Compromiso Social.<\/p>\n<p>El ciclo de conferencias tiene como objetivo potenciar el conocimiento de la realidad hist\u00f3rica y cultural del Reino de Sevilla a trav\u00e9s de ciudades cercanas y la sensibilizaci\u00f3n hacia el mantenimiento del Patrimonio Cultural, as\u00ed como la difusi\u00f3n del mismo. La actividad se compone en tres itinerarios: Carmona, Jerez de la Frontera y Alcal\u00e1 de Guada\u00edra, \u00a0y cada uno se divide en dos partes. La primera se articula en dos sesiones te\u00f3ricas de una hora y media de duraci\u00f3n donde se analizar\u00e1n y explicar\u00e1n las caracter\u00edsticas del devenir hist\u00f3rico de la poblaci\u00f3n, y de los restos materiales y patrimoniales conservados. La segunda de las partes es una visita guiada por cada uno de los itinerarios tanto a los diversos elementos patrimoniales como a otros centros relacionados con los contenidos.<\/p>\n<p>&nbsp;<\/p>\n<p align=\"center\">PROGRAMA<\/p>\n<p align=\"center\">Ciclo de Conferencias \u201cItinerarios Culturales por el Reino de Sevilla\u201d<\/p>\n<p align=\"center\">18 horas \u2013 Sal\u00f3n de Actos de la Residencia Universitaria Flora Trist\u00e1n<\/p>\n<p align=\"center\">Universidad Pablo de Olavide<\/p>\n<p>\u00a0 \u201cALCAL\u00c1 DE GUADA\u00cdRA\u201d<\/p>\n<p>Jos\u00e9 Mar\u00eda Miura Andrades. Universidad Pablo de Olavide.<\/p>\n<p>Jueves, 21 de febrero<\/p>\n<p>18-19:30h.<\/p>\n<p>Conferencia \u201cAlcal\u00e1 Hist\u00f3rica\u201d.<\/p>\n<p>&nbsp;<\/p>\n<p>Viernes, 22 de febrero<\/p>\n<p>18-19:30h.<\/p>\n<p>Conferencia \u201cEl Patrimonio Cultural de Alcal\u00e1 de Guada\u00edra\u201d.<\/p>\n<p>&nbsp;<\/p>\n<p>S\u00e1bado, 23 de febrero<\/p>\n<p>9-14:30 h.<\/p>\n<p>Visita Guiada a la Alcal\u00e1 de Guada\u00edra.<\/p>\n","protected":false},"excerpt":{"rendered":"<p>Hoy jueves 21 de febrero, a las 18 horas en el sal\u00f3n de actos de la Residencia Universitaria Flora Trist\u00e1n de la UPO, continuar\u00e1 el Ciclo de Conferencias \u201cItinerarios Culturales por el Reino de Sevilla\u201d dedicado en su \u00faltima sesi\u00f3n a Alcal\u00e1 de Guada\u00edra. El profesor del \u00c1rea de Historia Medieval de la UPO, Jos\u00e9 Mar\u00eda Miura, impartir\u00e1 las ponencias que se celebran hoy y ma\u00f1ana, 22 de febrero, tituladas \u201cAlcal\u00e1 Hist\u00f3rica\u201d y \u201cEl Patrimonio Cultural de Alcal\u00e1 de Guada\u00edra\u201d, respectivamente. <\/p>\n","protected":false},"author":4,"featured_media":0,"comment_status":"closed","ping_status":"open","sticky":false,"template":"","format":"standard","meta":{"_monsterinsights_skip_tracking":false,"_monsterinsights_sitenote_active":false,"_monsterinsights_sitenote_note":"","_monsterinsights_sitenote_category":0,"footnotes":""},"categories":[7],"tags":[21,84,55],"class_list":["post-562672","post","type-post","status-publish","format-standard","hentry","category-cultura","tag-estudiantes","tag-jornadas","tag-ru-flora-tristan"],"_links":{"self":[{"href":"https:\/\/www.upo.es\/diario\/wp-json\/wp\/v2\/posts\/562672","targetHints":{"allow":["GET"]}}],"collection":[{"href":"https:\/\/www.upo.es\/diario\/wp-json\/wp\/v2\/posts"}],"about":[{"href":"https:\/\/www.upo.es\/diario\/wp-json\/wp\/v2\/types\/post"}],"author":[{"embeddable":true,"href":"https:\/\/www.upo.es\/diario\/wp-json\/wp\/v2\/users\/4"}],"replies":[{"embeddable":true,"href":"https:\/\/www.upo.es\/diario\/wp-json\/wp\/v2\/comments?post=562672"}],"version-history":[{"count":4,"href":"https:\/\/www.upo.es\/diario\/wp-json\/wp\/v2\/posts\/562672\/revisions"}],"predecessor-version":[{"id":570520,"href":"https:\/\/www.upo.es\/diario\/wp-json\/wp\/v2\/posts\/562672\/revisions\/570520"}],"wp:attachment":[{"href":"https:\/\/www.upo.es\/diario\/wp-json\/wp\/v2\/media?parent=562672"}],"wp:term":[{"taxonomy":"category","embeddable":true,"href":"https:\/\/www.upo.es\/diario\/wp-json\/wp\/v2\/categories?post=562672"},{"taxonomy":"post_tag","embeddable":true,"href":"https:\/\/www.upo.es\/diario\/wp-json\/wp\/v2\/tags?post=562672"}],"curies":[{"name":"wp","href":"https:\/\/api.w.org\/{rel}","templated":true}]}}