{"id":562675,"date":"2013-02-20T13:21:18","date_gmt":"2013-02-20T13:21:18","guid":{"rendered":"https:\/\/www.upo.es\/diario\/?p=562675"},"modified":"2013-02-20T13:21:18","modified_gmt":"2013-02-20T13:21:18","slug":"apto-para-la-tesis-la-crisis-de-cartagena-a-debate-procesos-demograficos-y-economicos-en-la-primera-mitad-del-siglo-xix-1830-1858","status":"publish","type":"post","link":"https:\/\/www.upo.es\/diario\/tesis\/2013\/02\/apto-para-la-tesis-la-crisis-de-cartagena-a-debate-procesos-demograficos-y-economicos-en-la-primera-mitad-del-siglo-xix-1830-1858\/","title":{"rendered":"Apto para la tesis \u201cLa crisis de Cartagena a debate. Procesos demogr\u00e1ficos y econ\u00f3micos en la primera mitad del siglo XIX. 1830-1858\u201d."},"content":{"rendered":"<p>Hoy\u00a0mi\u00e9rcoles\u00a0ha tenido\u00a0lugar en la Sala de Grados del Edificio 6, la defensa p\u00fablica de la tesis doctoral titulada \u00abLa crisis de Cartagena a debate. Procesos demogr\u00e1ficos y econ\u00f3micos en la primera mitad del siglo XIX. 1830-1858\u201d, de la que es autor Ra\u00fal Rom\u00e1n Romero. Esta tesis doctoral, dirigida por el profesor Juan Marchena Fern\u00e1ndez de la Universidad Pablo de Olavide, ha obtenido la calificaci\u00f3n de Apto.<\/p>\n","protected":false},"excerpt":{"rendered":"<p>Hoy mi\u00e9rcoles ha tenido lugar en la Sala de Grados del Edificio 6, la defensa p\u00fablica de la tesis doctoral titulada \u00abLa crisis de Cartagena a debate. Procesos demogr\u00e1ficos y econ\u00f3micos en la primera mitad del siglo XIX. 1830-1858\u201d, de la que es autor Ra\u00fal Rom\u00e1n Romero. Esta tesis doctoral, dirigida por el profesor Juan Marchena Fern\u00e1ndez de la Universidad Pablo de Olavide, ha obtenido la calificaci\u00f3n de Apto.<\/p>\n","protected":false},"author":5,"featured_media":0,"comment_status":"closed","ping_status":"open","sticky":false,"template":"","format":"standard","meta":{"_monsterinsights_skip_tracking":false,"_monsterinsights_sitenote_active":false,"_monsterinsights_sitenote_note":"","_monsterinsights_sitenote_category":0,"footnotes":""},"categories":[119],"tags":[262,144,263,63,264],"class_list":["post-562675","post","type-post","status-publish","format-standard","hentry","category-tesis","tag-cartagena","tag-crisis","tag-demografia","tag-economia","tag-siglo-xix"],"_links":{"self":[{"href":"https:\/\/www.upo.es\/diario\/wp-json\/wp\/v2\/posts\/562675","targetHints":{"allow":["GET"]}}],"collection":[{"href":"https:\/\/www.upo.es\/diario\/wp-json\/wp\/v2\/posts"}],"about":[{"href":"https:\/\/www.upo.es\/diario\/wp-json\/wp\/v2\/types\/post"}],"author":[{"embeddable":true,"href":"https:\/\/www.upo.es\/diario\/wp-json\/wp\/v2\/users\/5"}],"replies":[{"embeddable":true,"href":"https:\/\/www.upo.es\/diario\/wp-json\/wp\/v2\/comments?post=562675"}],"version-history":[{"count":1,"href":"https:\/\/www.upo.es\/diario\/wp-json\/wp\/v2\/posts\/562675\/revisions"}],"predecessor-version":[{"id":562678,"href":"https:\/\/www.upo.es\/diario\/wp-json\/wp\/v2\/posts\/562675\/revisions\/562678"}],"wp:attachment":[{"href":"https:\/\/www.upo.es\/diario\/wp-json\/wp\/v2\/media?parent=562675"}],"wp:term":[{"taxonomy":"category","embeddable":true,"href":"https:\/\/www.upo.es\/diario\/wp-json\/wp\/v2\/categories?post=562675"},{"taxonomy":"post_tag","embeddable":true,"href":"https:\/\/www.upo.es\/diario\/wp-json\/wp\/v2\/tags?post=562675"}],"curies":[{"name":"wp","href":"https:\/\/api.w.org\/{rel}","templated":true}]}}