{"id":5653816,"date":"2014-09-10T06:16:30","date_gmt":"2014-09-10T06:16:30","guid":{"rendered":"https:\/\/www.upo.es\/diario\/?p=5653816"},"modified":"2014-09-11T12:52:33","modified_gmt":"2014-09-11T12:52:33","slug":"la-olavide-dara-la-bienvenida-manana-a-sus-nuevos-estudiantes-antes-del-comienzo-oficial-de-las-clases-2","status":"publish","type":"post","link":"https:\/\/www.upo.es\/diario\/institucional\/2014\/09\/la-olavide-dara-la-bienvenida-manana-a-sus-nuevos-estudiantes-antes-del-comienzo-oficial-de-las-clases-2\/","title":{"rendered":"La UPO ense\u00f1a la universidad a sus nuevos estudiantes antes del comienzo del curso"},"content":{"rendered":"<figure id=\"attachment_5669036\" aria-describedby=\"caption-attachment-5669036\" style=\"width: 320px\" class=\"wp-caption alignright\"><a href=\"https:\/\/www.upo.es\/diario\/wp-content\/uploads\/2014\/09\/Jornada-Bienvenida-14-150001.jpg\"><img loading=\"lazy\" decoding=\"async\" class=\"size-medium wp-image-5669036\" alt=\"Miguel \u00c1ngel Morales, Mercedes de la Torre e Ignacio Hern\u00e1ndez en el Programa Bienvenida\" src=\"https:\/\/www.upo.es\/diario\/wp-content\/uploads\/2014\/09\/Jornada-Bienvenida-14-150001-320x213.jpg\" width=\"320\" height=\"213\" srcset=\"https:\/\/www.upo.es\/diario\/wp-content\/uploads\/2014\/09\/Jornada-Bienvenida-14-150001-320x213.jpg 320w, https:\/\/www.upo.es\/diario\/wp-content\/uploads\/2014\/09\/Jornada-Bienvenida-14-150001-600x400.jpg 600w\" sizes=\"auto, (max-width: 320px) 100vw, 320px\" \/><\/a><figcaption id=\"caption-attachment-5669036\" class=\"wp-caption-text\">Miguel \u00c1ngel Morales, Mercedes de la Torre e Ignacio Hern\u00e1ndez en el Programa Bienvenida de la UPO<\/figcaption><\/figure>\n<p>La Universidad Pablo de Olavide ha iniciado esta ma\u00f1ana, a las 9:30 horas, su <a href=\"http:\/\/www.upo.es\/areadeestudiantes\/export\/sites\/estudiantes\/Documentos\/Orientacion\/Cartel_Bienvenida_2014-15.pdf\">Programa de Bienvenida<\/a>, una actividad pensada como primera toma de contacto para los nuevos estudiantes matriculados en el curso que ahora comienza. Mercedes de la Torre, directora general de Acceso, Difusi\u00f3n y Captaci\u00f3n, y Miguel \u00c1ngel Morales, jefe de la Unidad de Orientaci\u00f3n del \u00c1rea de Gesti\u00f3n Administrativa de Asistencia al Estudiante de Grado e Ignacio Hern\u00e1ndez, delegado general de Estudiantes, han sido los encargados de acoger a los cerca de 1.400 estudiantes que han asistido a estas jornadas, ofreci\u00e9ndoles una visi\u00f3n general de la universidad tanto desde el punto de vista acad\u00e9mico, como cultural, deportivo y asociativo, as\u00ed como de la vida en el campus.<\/p>\n<p>Tras este recibimiento en el paraninfo de la UPO, los estudiantes de primer a\u00f1o, divididos en grupos, han tenido durante esta jornada la ocasi\u00f3n de recorrer el entorno del campus universitario. La <a href=\"https:\/\/www1.upo.es\/biblioteca\">Biblioteca<\/a> ha sido una de las paradas del programa, en la que han podido conocer aspectos relacionados con el pr\u00e9stamo de libros y ordenadores, las aulas de inform\u00e1tica o las salas habilitadas para trabajos en grupo.<\/p>\n<p>Tambi\u00e9n el <a href=\"http:\/\/www.upo.es\/sdupo\/\">Servicio de Deportes<\/a> (SDUPO), ha realizado una introducci\u00f3n a todos los aspectos relacionados con las instalaciones deportivas, tanto cubiertas como al aire libre, los equipos de competici\u00f3n o las actividades que se ofertan para la comunidad universitaria. Por \u00faltimo, desde el \u00c1rea de Gesti\u00f3n Administrativa de Asistencia al Estudiante de Grado (Unidad de Acceso y Orientaci\u00f3n), y de la <a href=\"http:\/\/www.upo.es\/upsc\/\">Unidad de Promoci\u00f3n Social y Cultural<\/a> de les ha explicado a los nuevos estudiantes los servicios que ofrecen. Con esta iniciativa se pretende que los alumnos conozcan c\u00f3mo funcionan estos servicios y puedan tener acceso a los mismos desde los primeros d\u00edas de su vida universitaria.<\/p>\n<figure id=\"attachment_5669037\" aria-describedby=\"caption-attachment-5669037\" style=\"width: 320px\" class=\"wp-caption alignright\"><a href=\"https:\/\/www.upo.es\/diario\/wp-content\/uploads\/2014\/09\/Jornada-Bienvenida-14-150004.jpg\"><img loading=\"lazy\" decoding=\"async\" class=\"size-medium wp-image-5669037\" alt=\"Grupo de Ciencias Pol\u00edticas con los lazarillos, antes de comenzar la visita por el campus\" src=\"https:\/\/www.upo.es\/diario\/wp-content\/uploads\/2014\/09\/Jornada-Bienvenida-14-150004-320x213.jpg\" width=\"320\" height=\"213\" srcset=\"https:\/\/www.upo.es\/diario\/wp-content\/uploads\/2014\/09\/Jornada-Bienvenida-14-150004-320x213.jpg 320w, https:\/\/www.upo.es\/diario\/wp-content\/uploads\/2014\/09\/Jornada-Bienvenida-14-150004-600x399.jpg 600w\" sizes=\"auto, (max-width: 320px) 100vw, 320px\" \/><\/a><figcaption id=\"caption-attachment-5669037\" class=\"wp-caption-text\">Grupo de Ciencias Pol\u00edticas con los lazarillos, antes de comenzar la visita por el campus<\/figcaption><\/figure>\n<p>De 9:30 a 12 horas ha tenido lugar la bienvenida de todos los grados de Derecho y Empresariales, mientras que, de 11 a 14 horas, ha comenzado la de los dobles grados de Derecho y Empresariales y el grado en Ciencias de la Actividad F\u00edsica y el Deporte. El Programa de Bienvenida continuar\u00e1 ma\u00f1ana, jueves 11, a las 9:30 en el Paraninfo de la UPO, cuando la universidad recibir\u00e1 al segundo grupo de nuevos estudiantes procedentes de todos los grados y doble grados de la Facultad de Humanidades, de Ciencias Experimentales, Ciencias Sociales y Ciencias Empresariales.<\/p>\n<p>Por otra parte, las facultades han organizado sus propias sesiones de orientaci\u00f3n para los estudiantes. As\u00ed, ma\u00f1ana jueves, a las 12 en el Paraninfo, la Facultad de Empresariales celebrar\u00e1 su sesi\u00f3n para sus alumnos. Para el viernes 12, la Facultad de Humanidades, ha organizado su sesi\u00f3n de orientaci\u00f3n de 10 a 11:30 horas en el Paraninfo, la Facultad de Ciencias Experimentales, de 10:30 a 12:30 horas en el CABD, y la Facultad de Ciencias Sociales, de 12 a 13:45 horas en el Paraninfo. De este modo, decanos y vicedecanos abordar\u00e1n de manera m\u00e1s espec\u00edfica aspectos que afectan a cada grado o doble grado que imparten en su centro (organizaci\u00f3n del curso, manejo del aula virtual, gu\u00edas docentes, oferta de movilidad, etc.), resolviendo las dudas que puedan surgir a los reci\u00e9n llegados.<\/p>\n<p><span style=\"text-decoration: underline;\">El comienzo oficial de las clases en la Universidad Pablo de Olavide ser\u00e1 el pr\u00f3ximo lunes 15 de septiembre<\/span>.<\/p>\n","protected":false},"excerpt":{"rendered":"<p>La Universidad Pablo de Olavide ha iniciado su Programa de Bienvenida, que contin\u00faa hoy jueves. Una actividad pensada como primera toma de contacto para los nuevos estudiantes matriculados en el curso que ahora comienza.  Los estudiantes de primer a\u00f1o, divididos en grupos, tienen as\u00ed la ocasi\u00f3n de recorrer el entorno del campus universitario antes del inicio oficial de las clases, el pr\u00f3ximo lunes 15 de septiembre.<\/p>\n","protected":false},"author":6,"featured_media":0,"comment_status":"closed","ping_status":"open","sticky":false,"template":"","format":"standard","meta":{"_monsterinsights_skip_tracking":false,"_monsterinsights_sitenote_active":false,"_monsterinsights_sitenote_note":"","_monsterinsights_sitenote_category":0,"footnotes":""},"categories":[6],"tags":[107,1233,21,1780,1779,1778,1777],"class_list":["post-5653816","post","type-post","status-publish","format-standard","hentry","category-institucional","tag-campus","tag-curso-2014-2015","tag-estudiantes","tag-ignacio-hernandez-de-la-torre","tag-mercedes-de-la-torre","tag-miguel-angel-morales","tag-programa-bienvenida"],"_links":{"self":[{"href":"https:\/\/www.upo.es\/diario\/wp-json\/wp\/v2\/posts\/5653816","targetHints":{"allow":["GET"]}}],"collection":[{"href":"https:\/\/www.upo.es\/diario\/wp-json\/wp\/v2\/posts"}],"about":[{"href":"https:\/\/www.upo.es\/diario\/wp-json\/wp\/v2\/types\/post"}],"author":[{"embeddable":true,"href":"https:\/\/www.upo.es\/diario\/wp-json\/wp\/v2\/users\/6"}],"replies":[{"embeddable":true,"href":"https:\/\/www.upo.es\/diario\/wp-json\/wp\/v2\/comments?post=5653816"}],"version-history":[{"count":10,"href":"https:\/\/www.upo.es\/diario\/wp-json\/wp\/v2\/posts\/5653816\/revisions"}],"predecessor-version":[{"id":5684898,"href":"https:\/\/www.upo.es\/diario\/wp-json\/wp\/v2\/posts\/5653816\/revisions\/5684898"}],"wp:attachment":[{"href":"https:\/\/www.upo.es\/diario\/wp-json\/wp\/v2\/media?parent=5653816"}],"wp:term":[{"taxonomy":"category","embeddable":true,"href":"https:\/\/www.upo.es\/diario\/wp-json\/wp\/v2\/categories?post=5653816"},{"taxonomy":"post_tag","embeddable":true,"href":"https:\/\/www.upo.es\/diario\/wp-json\/wp\/v2\/tags?post=5653816"}],"curies":[{"name":"wp","href":"https:\/\/api.w.org\/{rel}","templated":true}]}}