{"id":5667750,"date":"2014-09-10T10:55:58","date_gmt":"2014-09-10T10:55:58","guid":{"rendered":"https:\/\/www.upo.es\/diario\/?p=5667750"},"modified":"2014-09-10T12:46:12","modified_gmt":"2014-09-10T12:46:12","slug":"mas-de-un-centenar-de-investigadores-analizan-el-cambio-demografico-y-socioterritorial-en-un-contexto-de-crisis","status":"publish","type":"post","link":"https:\/\/www.upo.es\/diario\/institucional\/2014\/09\/mas-de-un-centenar-de-investigadores-analizan-el-cambio-demografico-y-socioterritorial-en-un-contexto-de-crisis\/","title":{"rendered":"M\u00e1s de un centenar de investigadores analizan el cambio demogr\u00e1fico y socioterritorial en un contexto de crisis"},"content":{"rendered":"<figure id=\"attachment_566775\" aria-describedby=\"caption-attachment-566775\" style=\"width: 320px\" class=\"wp-caption alignright\"><a href=\"https:\/\/www.upo.es\/diario\/wp-content\/uploads\/2014\/09\/Cdp_3.jpg\"><img loading=\"lazy\" decoding=\"async\" class=\"size-medium wp-image-5667752  \" alt=\"Cdp_3\" src=\"https:\/\/www.upo.es\/diario\/wp-content\/uploads\/2014\/09\/Cdp_3-320x213.jpg\" width=\"320\" height=\"213\" srcset=\"https:\/\/www.upo.es\/diario\/wp-content\/uploads\/2014\/09\/Cdp_3-320x213.jpg 320w, https:\/\/www.upo.es\/diario\/wp-content\/uploads\/2014\/09\/Cdp_3-600x399.jpg 600w\" sizes=\"auto, (max-width: 320px) 100vw, 320px\" \/><\/a><figcaption id=\"caption-attachment-566775\" class=\"wp-caption-text\">De derecha a izquierda, el catedr\u00e1tico de Geograf\u00eda Humana y director del Congreso Jos\u00e9 Mar\u00eda Feria, el rector de la UPO Vicente Guzm\u00e1n y el presidente del grupo de trabajo Poblaci\u00f3n Asociaci\u00f3n de Ge\u00f3grafos Espa\u00f1oles Pedro Reques.<\/figcaption><\/figure>\n<p>M\u00e1s de un centenar de investigadores y expertos procedentes de Espa\u00f1a, Europa y Latinoam\u00e9rica analizan en la Universidad Pablo de Olavide el \u201cCambio demogr\u00e1fico y socioterritorial en un contexto de crisis\u201d, lema del<strong> XIV Congreso de Poblaci\u00f3n<\/strong> organizado por la Asociaci\u00f3n de Ge\u00f3grafos Espa\u00f1oles (AGE), el \u00c1rea de Geograf\u00eda Humana de la UPO y el CSIC que ha sido inaugurado esta ma\u00f1ana.<\/p>\n<p>La inauguraci\u00f3n del congreso ha estado a cargo del rector Vicente Guzm\u00e1n Fluja, Pedro Reques Velasco, director del Grupo de Trabajo de Geograf\u00eda de la Poblaci\u00f3n de la AGE, y Jos\u00e9 Mar\u00eda Feria Toribio, catedr\u00e1tico de Geograf\u00eda Humana de la UPO y responsable del comit\u00e9 organizador.<\/p>\n<p>A lo largo de hoy mi\u00e9rcoles se celebrar\u00e1n\u00a0 en la Universidad Pablo de Olavide las sesiones cient\u00edficas desde tres perspectivas: El envejecimiento de la poblaci\u00f3n y sus procesos asociados; Las migraciones y movilidad residencial en una sociedad en crisis: nuevas y viejas realidades, y Los hogares, familias y formas de convivencia: tendencias previas y respuestas a la situaci\u00f3n socioecon\u00f3mica actual.<\/p>\n<p>Junto a ello, el viernes d\u00eda 12 se celebrar\u00e1n, en el palacio de los Marqueses de la Algaba,\u00a0 una serie de actividades entre las que cabe destacar por la ma\u00f1ana el espacio de trabajo dedicado a la operaci\u00f3n censal de 2011, y por la tarde\u00a0 un encuentro y mesa redonda, abierto y participativo, dedicado a la respuesta social a las manifestaciones de la crisis y en la que intervendr\u00e1n diferentes colectivos y entidades sociales.<\/p>\n<p>&nbsp;<\/p>\n<p>Para mayor informaci\u00f3n: <a href=\"http:\/\/www.xivcongresopoblacion.es\/\">http:\/\/www.xivcongresopoblacion.es\/<\/a><\/p>\n<p>&nbsp;<\/p>\n","protected":false},"excerpt":{"rendered":"<p>M\u00e1s de un centenar de investigadores y expertos procedentes de Espa\u00f1a, Europa y Latinoam\u00e9rica analizan en la Universidad Pablo de Olavide el \u201cCambio demogr\u00e1fico y socioterritorial en un contexto de crisis\u201d, lema del XIV Congreso de Poblaci\u00f3n organizado por la Asociaci\u00f3n de Ge\u00f3grafos Espa\u00f1oles (AGE), el \u00c1rea de Geograf\u00eda Humana de la UPO y el CSIC que ha sido inaugurado esta ma\u00f1ana.<\/p>\n","protected":false},"author":9,"featured_media":0,"comment_status":"closed","ping_status":"open","sticky":false,"template":"","format":"standard","meta":{"_monsterinsights_skip_tracking":false,"_monsterinsights_sitenote_active":false,"_monsterinsights_sitenote_note":"","_monsterinsights_sitenote_category":0,"footnotes":""},"categories":[6],"tags":[1775,45,734,491],"class_list":["post-5667750","post","type-post","status-publish","format-standard","hentry","category-institucional","tag-asociacion-de-geografos-espanoles","tag-csic","tag-investigadores","tag-upo"],"_links":{"self":[{"href":"https:\/\/www.upo.es\/diario\/wp-json\/wp\/v2\/posts\/5667750","targetHints":{"allow":["GET"]}}],"collection":[{"href":"https:\/\/www.upo.es\/diario\/wp-json\/wp\/v2\/posts"}],"about":[{"href":"https:\/\/www.upo.es\/diario\/wp-json\/wp\/v2\/types\/post"}],"author":[{"embeddable":true,"href":"https:\/\/www.upo.es\/diario\/wp-json\/wp\/v2\/users\/9"}],"replies":[{"embeddable":true,"href":"https:\/\/www.upo.es\/diario\/wp-json\/wp\/v2\/comments?post=5667750"}],"version-history":[{"count":5,"href":"https:\/\/www.upo.es\/diario\/wp-json\/wp\/v2\/posts\/5667750\/revisions"}],"predecessor-version":[{"id":5669676,"href":"https:\/\/www.upo.es\/diario\/wp-json\/wp\/v2\/posts\/5667750\/revisions\/5669676"}],"wp:attachment":[{"href":"https:\/\/www.upo.es\/diario\/wp-json\/wp\/v2\/media?parent=5667750"}],"wp:term":[{"taxonomy":"category","embeddable":true,"href":"https:\/\/www.upo.es\/diario\/wp-json\/wp\/v2\/categories?post=5667750"},{"taxonomy":"post_tag","embeddable":true,"href":"https:\/\/www.upo.es\/diario\/wp-json\/wp\/v2\/tags?post=5667750"}],"curies":[{"name":"wp","href":"https:\/\/api.w.org\/{rel}","templated":true}]}}