{"id":5673492,"date":"2014-09-10T19:53:52","date_gmt":"2014-09-10T19:53:52","guid":{"rendered":"https:\/\/www.upo.es\/diario\/?p=5673492"},"modified":"2014-09-10T19:54:06","modified_gmt":"2014-09-10T19:54:06","slug":"los-rectores-lamentan-profundamente-el-fallecimiento-de-d-emilio-botin","status":"publish","type":"post","link":"https:\/\/www.upo.es\/diario\/institucional\/2014\/09\/los-rectores-lamentan-profundamente-el-fallecimiento-de-d-emilio-botin\/","title":{"rendered":"Los Rectores lamentan profundamente el fallecimiento de D. Emilio Bot\u00edn"},"content":{"rendered":"<p><a href=\"https:\/\/www.upo.es\/diario\/wp-content\/uploads\/2013\/10\/CRUE.jpg\"><img loading=\"lazy\" decoding=\"async\" class=\"size-medium wp-image-1867527 alignright\" alt=\"Conferencia de Rectores de las Universidades Espa\u00f1olas\" src=\"https:\/\/www.upo.es\/diario\/wp-content\/uploads\/2013\/10\/CRUE-320x139.jpg\" width=\"320\" height=\"139\" srcset=\"https:\/\/www.upo.es\/diario\/wp-content\/uploads\/2013\/10\/CRUE-320x139.jpg 320w, https:\/\/www.upo.es\/diario\/wp-content\/uploads\/2013\/10\/CRUE.jpg 583w\" sizes=\"auto, (max-width: 320px) 100vw, 320px\" \/><\/a><\/p>\n<p>La Conferencia de Rectores de las Universidades Espa\u00f1olas (CRUE)\u00a0quiere expresar, en nombre de todos los Rectores, su enorme pesar por el fallecimiento del Presidente de Banco Santander, D. Emilio Bot\u00edn.<\/p>\n<p>El Presidente Bot\u00edn mostr\u00f3 siempre un fiel compromiso con la Universidad y con la CRUE, que se materializ\u00f3 a trav\u00e9s de innumerables gestos y acciones, entre las que destaca, la creaci\u00f3n, en el a\u00f1o 2000 de Universia, la Red de universidades m\u00e1s importante de Iberoam\u00e9rica, centrada en los \u00e1mbitos de la educaci\u00f3n y el conocimiento, y que ha organizado distintos Encuentros Internaciones de Rectores. El que se celebr\u00f3 el pasado mes de julio, en Rio de Janeiro, fue el \u00faltimo gran evento universitario en el que particip\u00f3 D. Emilio Bot\u00edn, que consigui\u00f3 reunir a 1103 rectores de 33 pa\u00edses, y que finaliz\u00f3 con un compromiso institucional de las universidades presentes materializado en la Carta Universitaria R\u00edo 2014, respaldada por el propio Presidente de Banco Santander y por la Secretar\u00eda General Iberoamericana.<\/p>\n<p>Asimismo, el Presidente foment\u00f3 la creaci\u00f3n de los programas de becas, entre los que destaca el de movilidad de Banco Santander, a trav\u00e9s de la Divisi\u00f3n Santander Universidades, que ha servido para establecer lazos de colaboraci\u00f3n entre universidades del espacio iberoamericano que, dif\u00edcilmente, se habr\u00eda producido sin su colaboraci\u00f3n. Numerosas universidades nos han indicado que para la mayor\u00eda de los estudiantes que han obtenido esta beca, su estancia no s\u00f3lo ha sido muy satisfactoria, sino que ha constituido la experiencia m\u00e1s importante de su vida.<\/p>\n<p>D. Emilio Bot\u00edn tambi\u00e9n apost\u00f3 por la creaci\u00f3n del programa de Becas Santander-CRUE-CEPYME, que naci\u00f3 en el curso 2008\/2009 y que ha ofrecido a m\u00e1s de 12.500 estudiantes universitarios la posibilidad de realizar pr\u00e1cticas profesionales remuneradas en cualquiera de las PYME&#8217;s participantes, y, por ello, facilitar su inserci\u00f3n laboral, cuya tasa de \u00e9xito ha superado el 41 %. Estamos en presencia de uno de los programas de becas universitarias para pr\u00e1cticas m\u00e1s importante que existe en nuestro pa\u00eds.<\/p>\n<p>Adem\u00e1s de estas becas, el Presidente tambi\u00e9n cre\u00f3 el programa F\u00f3rmula Santander, que une la movilidad con la excelencia y el deporte. A estos programas hay que sumar las Becas Iberoam\u00e9rica, para J\u00f3venes Profesores e Investigadores que se inici\u00f3 en 2011- 2012; y los programas que individualmente est\u00e1 desarrollando cada universidad que cuenta con un convenio de colaboraci\u00f3n con Santander Universidades. Hoy en d\u00eda son muy pocos los estudiantes, profesores e investigadores que desconocen o no valoran positivamente el esfuerzo de Banco Santander por la internacionalizaci\u00f3n de la Universidad, especialmente en el espacio iberoamericano.<\/p>\n<p>Reiteramos nuestras condolencias por la triste noticia y recalcamos la inestimable colaboraci\u00f3n de D. Emilio Bot\u00edn con el Sistema Universitario Espa\u00f1ol. Gracias a sus acciones y a su apuesta por la Universidad, \u201cel Presidente\u201d, como siempre le recordaremos, tuvo, ha tenido y tendr\u00e1 siempre, un enorme calado en la educaci\u00f3n superior de nuestro pa\u00eds.<\/p>\n<p>&nbsp;<\/p>\n","protected":false},"excerpt":{"rendered":"<p>La Conferencia de Rectores de las Universidades Espa\u00f1olas (CRUE) quiere expresar, en nombre de todos los Rectores, su enorme pesar por el fallecimiento del Presidente de Banco Santander, D. Emilio Bot\u00edn.<\/p>\n","protected":false},"author":6,"featured_media":0,"comment_status":"closed","ping_status":"open","sticky":false,"template":"","format":"standard","meta":{"_monsterinsights_skip_tracking":false,"_monsterinsights_sitenote_active":false,"_monsterinsights_sitenote_note":"","_monsterinsights_sitenote_category":0,"footnotes":""},"categories":[6],"tags":[1000,64,243,38,57,39],"class_list":["post-5673492","post","type-post","status-publish","format-standard","hentry","category-institucional","tag-banco-santander","tag-becas","tag-crue","tag-rector","tag-universia","tag-universidades"],"_links":{"self":[{"href":"https:\/\/www.upo.es\/diario\/wp-json\/wp\/v2\/posts\/5673492","targetHints":{"allow":["GET"]}}],"collection":[{"href":"https:\/\/www.upo.es\/diario\/wp-json\/wp\/v2\/posts"}],"about":[{"href":"https:\/\/www.upo.es\/diario\/wp-json\/wp\/v2\/types\/post"}],"author":[{"embeddable":true,"href":"https:\/\/www.upo.es\/diario\/wp-json\/wp\/v2\/users\/6"}],"replies":[{"embeddable":true,"href":"https:\/\/www.upo.es\/diario\/wp-json\/wp\/v2\/comments?post=5673492"}],"version-history":[{"count":2,"href":"https:\/\/www.upo.es\/diario\/wp-json\/wp\/v2\/posts\/5673492\/revisions"}],"predecessor-version":[{"id":5674130,"href":"https:\/\/www.upo.es\/diario\/wp-json\/wp\/v2\/posts\/5673492\/revisions\/5674130"}],"wp:attachment":[{"href":"https:\/\/www.upo.es\/diario\/wp-json\/wp\/v2\/media?parent=5673492"}],"wp:term":[{"taxonomy":"category","embeddable":true,"href":"https:\/\/www.upo.es\/diario\/wp-json\/wp\/v2\/categories?post=5673492"},{"taxonomy":"post_tag","embeddable":true,"href":"https:\/\/www.upo.es\/diario\/wp-json\/wp\/v2\/tags?post=5673492"}],"curies":[{"name":"wp","href":"https:\/\/api.w.org\/{rel}","templated":true}]}}