{"id":572661,"date":"2013-02-22T00:35:37","date_gmt":"2013-02-22T00:35:37","guid":{"rendered":"https:\/\/www.upo.es\/diario\/?p=572661"},"modified":"2013-02-22T15:38:34","modified_gmt":"2013-02-22T15:38:34","slug":"la-facultad-de-ciencias-empresariales-de-la-upo-presenta-manana-sus-grados-a-estudiantes-de-bachillerato","status":"publish","type":"post","link":"https:\/\/www.upo.es\/diario\/institucional\/2013\/02\/la-facultad-de-ciencias-empresariales-de-la-upo-presenta-manana-sus-grados-a-estudiantes-de-bachillerato\/","title":{"rendered":"La Facultad de Ciencias Empresariales de la UPO presenta esta ma\u00f1ana sus grados a estudiantes de Bachillerato"},"content":{"rendered":"<div>\n<p>Hoy viernes, 22 de febrero, a las 11 horas en el Paraninfo de la Universidad Pablo de Olavide, el rector, Vicente Guzm\u00e1n, junto con el decano de la Facultad de Ciencias Empresariales, Francisco Carrasco, el profesor Jos\u00e9 Ignacio Garc\u00eda del \u00c1rea de An\u00e1lisis Econ\u00f3mico de la UPO y el profesor de secundaria Jos\u00e9 Fern\u00e1ndez-Jurado, coordinador del proyecto por parte de los institutos recibir\u00e1n a estudiantes de Bachillerato junto a sus profesores de siete centros educativos de Sevilla y provincia: el IES <b>Alixar<\/b> (Castilleja de la Cuesta), el IES <b>Vistazul <\/b>(Dos Hermanas), el IES <b>Ruiz Gij\u00f3n<\/b> (Utrera), el IES <b>Virgen de la Consolaci\u00f3n<\/b> (Utrera), el IES <b>Almudeyne<\/b> (Los Palacios y Villafranca), el IES <b>Murillo<\/b> (Sevilla) y el IES <b>Nervi\u00f3n<\/b> (Sevilla).<\/p>\n<p>Este iniciativa organizada por la Facultad de Ciencias Empresariales y el \u00c1rea de An\u00e1lisis Econ\u00f3mico del Departamento de Econom\u00eda, M\u00e9todos Cuantitativos e Historia Econ\u00f3mica de la UPO, se estructura en torno a dos actividades, la primera en el Paraninfo de la Universidad, donde el decano Francisco Carrasco presentar\u00e1 los grados de la Facultad de Ciencias Empresariales, y a continuaci\u00f3n el profesor Manuel Hidalgo ofrecer\u00e1 la conferencia \u201cLa rentabilidad de la educaci\u00f3n universitaria en Espa\u00f1a\u201d. Una vez finalizada la conferencia, los estudiantes de bachilleratos junto con sus profesores visitar\u00e1n el campus y las instalaciones de la Universidad Pablo de Olavide.<\/p>\n<p style=\"text-align: center;\">\u00a0<b>PRESENTACI\u00d3N DE LOS GRADOS DE LA FACULTAD DE CIENCIAS EMPRESARIALES<\/b><\/p>\n<p align=\"center\"><b>Viernes, 22 de febrero \u2013 11 horas. Universidad Pablo de Olavide<\/b><\/p>\n<p align=\"center\"><b>\u00a0<\/b><\/p>\n<\/div>\n<p><b><span style=\"text-decoration: underline;\">ACTIVIDAD 1\u00aa<\/span><\/b><\/p>\n<p align=\"left\"><b>\u00a0<\/b><b>11 h. Paraninfo:<\/b><\/p>\n<p>&#8211;<b> Recepci\u00f3n a los estudiantes y profesores.<\/b><\/p>\n<p>Vicente Guzm\u00e1n, rector de la UPO.<\/p>\n<p>Francisco Carrasco, decano de la Facultad de Ciencias Empresariales de la UPO.<\/p>\n<p>Jos\u00e9 Ignacio Garc\u00eda, profesor titular de la Facultad de Ciencias Empresariales de la UPO.<\/p>\n<p>Jos\u00e9 Fern\u00e1ndez-Jurado, profesor de secundaria y coordinador del proyecto por parte de los institutos.<\/p>\n<p>&#8211; <b>Presentaci\u00f3n de los grados de la Facultad de Ciencias Empresariales de la UPO.<\/b><\/p>\n<p>Francisco Carrasco Fenech, decano de la Facultad de Ciencias Empresariales de la UPO.<\/p>\n<p><b>&#8211; Conferencia \u201c<\/b><b>La rentabilidad de la educaci\u00f3n universitaria en Espa\u00f1a<\/b><b>\u201d.<\/b><\/p>\n<p>Manuel Hidalgo, profesor de la Facultad de Ciencias Empresariales de la UPO.<\/p>\n<p><b><span style=\"text-decoration: underline;\">ACTIVIDAD 2\u00aa<\/span><\/b><\/p>\n<p><b>12:30 h. Visita a la Universidad Pablo de Olavide.<\/b><\/p>\n","protected":false},"excerpt":{"rendered":"<p>Hoy viernes, 22 de febrero, a las 11 horas en el Paraninfo de la Universidad Pablo de Olavide, el rector, Vicente Guzm\u00e1n, junto con el decano de la Facultad de Ciencias Empresariales, Francisco Carrasco, el profesor Jos\u00e9 Ignacio Garc\u00eda del \u00c1rea de An\u00e1lisis Econ\u00f3mico de la UPO y el profesor de secundaria Jos\u00e9 Fern\u00e1ndez-Jurado, coordinador del proyecto por parte de los institutos recibir\u00e1n a estudiantes de Bachillerato junto a sus profesores de siete centros educativos de Sevilla y provincia.<\/p>\n","protected":false},"author":4,"featured_media":0,"comment_status":"closed","ping_status":"open","sticky":false,"template":"","format":"standard","meta":{"_monsterinsights_skip_tracking":false,"_monsterinsights_sitenote_active":false,"_monsterinsights_sitenote_note":"","_monsterinsights_sitenote_category":0,"footnotes":""},"categories":[6],"tags":[267,63,21,266,38],"class_list":["post-572661","post","type-post","status-publish","format-standard","hentry","category-institucional","tag-ciencias-empresariales","tag-economia","tag-estudiantes","tag-grados","tag-rector"],"_links":{"self":[{"href":"https:\/\/www.upo.es\/diario\/wp-json\/wp\/v2\/posts\/572661","targetHints":{"allow":["GET"]}}],"collection":[{"href":"https:\/\/www.upo.es\/diario\/wp-json\/wp\/v2\/posts"}],"about":[{"href":"https:\/\/www.upo.es\/diario\/wp-json\/wp\/v2\/types\/post"}],"author":[{"embeddable":true,"href":"https:\/\/www.upo.es\/diario\/wp-json\/wp\/v2\/users\/4"}],"replies":[{"embeddable":true,"href":"https:\/\/www.upo.es\/diario\/wp-json\/wp\/v2\/comments?post=572661"}],"version-history":[{"count":8,"href":"https:\/\/www.upo.es\/diario\/wp-json\/wp\/v2\/posts\/572661\/revisions"}],"predecessor-version":[{"id":582628,"href":"https:\/\/www.upo.es\/diario\/wp-json\/wp\/v2\/posts\/572661\/revisions\/582628"}],"wp:attachment":[{"href":"https:\/\/www.upo.es\/diario\/wp-json\/wp\/v2\/media?parent=572661"}],"wp:term":[{"taxonomy":"category","embeddable":true,"href":"https:\/\/www.upo.es\/diario\/wp-json\/wp\/v2\/categories?post=572661"},{"taxonomy":"post_tag","embeddable":true,"href":"https:\/\/www.upo.es\/diario\/wp-json\/wp\/v2\/tags?post=572661"}],"curies":[{"name":"wp","href":"https:\/\/api.w.org\/{rel}","templated":true}]}}