{"id":5918284,"date":"2014-09-26T11:24:58","date_gmt":"2014-09-26T11:24:58","guid":{"rendered":"https:\/\/www.upo.es\/diario\/?p=5918284"},"modified":"2014-09-26T11:44:48","modified_gmt":"2014-09-26T11:44:48","slug":"el-coro-de-la-upo-participa-manana-en-el-encuentro-de-coros-universitarios-en-granada","status":"publish","type":"post","link":"https:\/\/www.upo.es\/diario\/cultura\/2014\/09\/el-coro-de-la-upo-participa-manana-en-el-encuentro-de-coros-universitarios-en-granada\/","title":{"rendered":"El coro de la UPO participa ma\u00f1ana en el Encuentro de Coros Universitarios en Granada"},"content":{"rendered":"<p><a href=\"https:\/\/www.upo.es\/diario\/wp-content\/uploads\/2014\/09\/cartel_coro_granada.jpg\"><img loading=\"lazy\" decoding=\"async\" class=\"alignright size-medium wp-image-5918285\" alt=\"cartel_coro_granada\" src=\"https:\/\/www.upo.es\/diario\/wp-content\/uploads\/2014\/09\/cartel_coro_granada-240x320.jpg\" width=\"240\" height=\"320\" srcset=\"https:\/\/www.upo.es\/diario\/wp-content\/uploads\/2014\/09\/cartel_coro_granada-240x320.jpg 240w, https:\/\/www.upo.es\/diario\/wp-content\/uploads\/2014\/09\/cartel_coro_granada-450x600.jpg 450w, https:\/\/www.upo.es\/diario\/wp-content\/uploads\/2014\/09\/cartel_coro_granada-600x800.jpg 600w, https:\/\/www.upo.es\/diario\/wp-content\/uploads\/2014\/09\/cartel_coro_granada.jpg 720w\" sizes=\"auto, (max-width: 240px) 100vw, 240px\" \/><\/a>Ma\u00f1ana s\u00e1bado, 27 de septiembre, a las 20.30 horas en el Crucero del Hospital Real de Granada, actuar\u00e1 el coro de la Universidad Pablo de Olavide junto con el coro granadino de la Facultad de Ciencias de Granada, ofreciendo un concierto en el marco del Encuentro de Coros Universitarios.<\/p>\n<p>Este concierto ha sido organizado por el Vicerrectorado de Extensi\u00f3n Universitaria y Deporte de la Universidad de Granada. La entrada es libre hasta completar el aforo.<\/p>\n","protected":false},"excerpt":{"rendered":"<p>Ma\u00f1ana s\u00e1bado, 27 de septiembre, a las 20.30 horas en el Crucero del Hospital Real de Granada, actuar\u00e1 el coro de la Universidad Pablo de Olavide junto con el coro granadino de la Facultad de Ciencias de Granada, ofreciendo un concierto en el marco del Encuentro de Coros Universitarios.<\/p>\n","protected":false},"author":8,"featured_media":0,"comment_status":"closed","ping_status":"open","sticky":false,"template":"","format":"standard","meta":{"_monsterinsights_skip_tracking":false,"_monsterinsights_sitenote_active":false,"_monsterinsights_sitenote_note":"","_monsterinsights_sitenote_category":0,"footnotes":""},"categories":[7],"tags":[71,1869,1870,1871,494],"class_list":["post-5918284","post","type-post","status-publish","format-standard","hentry","category-cultura","tag-coro","tag-crucero-del-hospital-real","tag-encuentro-de-coros-universitarios","tag-facultad-de-ciencias-de-granada","tag-granada"],"_links":{"self":[{"href":"https:\/\/www.upo.es\/diario\/wp-json\/wp\/v2\/posts\/5918284","targetHints":{"allow":["GET"]}}],"collection":[{"href":"https:\/\/www.upo.es\/diario\/wp-json\/wp\/v2\/posts"}],"about":[{"href":"https:\/\/www.upo.es\/diario\/wp-json\/wp\/v2\/types\/post"}],"author":[{"embeddable":true,"href":"https:\/\/www.upo.es\/diario\/wp-json\/wp\/v2\/users\/8"}],"replies":[{"embeddable":true,"href":"https:\/\/www.upo.es\/diario\/wp-json\/wp\/v2\/comments?post=5918284"}],"version-history":[{"count":3,"href":"https:\/\/www.upo.es\/diario\/wp-json\/wp\/v2\/posts\/5918284\/revisions"}],"predecessor-version":[{"id":5918287,"href":"https:\/\/www.upo.es\/diario\/wp-json\/wp\/v2\/posts\/5918284\/revisions\/5918287"}],"wp:attachment":[{"href":"https:\/\/www.upo.es\/diario\/wp-json\/wp\/v2\/media?parent=5918284"}],"wp:term":[{"taxonomy":"category","embeddable":true,"href":"https:\/\/www.upo.es\/diario\/wp-json\/wp\/v2\/categories?post=5918284"},{"taxonomy":"post_tag","embeddable":true,"href":"https:\/\/www.upo.es\/diario\/wp-json\/wp\/v2\/tags?post=5918284"}],"curies":[{"name":"wp","href":"https:\/\/api.w.org\/{rel}","templated":true}]}}