{"id":5970107,"date":"2014-09-29T00:24:13","date_gmt":"2014-09-29T00:24:13","guid":{"rendered":"https:\/\/www.upo.es\/diario\/?p=5970107"},"modified":"2014-09-29T13:27:24","modified_gmt":"2014-09-29T13:27:24","slug":"la-residencia-flora-tristan-premio-a-una-vida-ejemplar-en-defensa-del-distrito-sur-en-su-categoria-de-juventud","status":"publish","type":"post","link":"https:\/\/www.upo.es\/diario\/institucional\/2014\/09\/la-residencia-flora-tristan-premio-a-una-vida-ejemplar-en-defensa-del-distrito-sur-en-su-categoria-de-juventud\/","title":{"rendered":"La Residencia Flora Trist\u00e1n, premio \u201cA una vida ejemplar en defensa del Distrito Sur\u201d en su categor\u00eda de Juventud"},"content":{"rendered":"<p><img loading=\"lazy\" decoding=\"async\" class=\"alignright size-medium wp-image-5024153\" alt=\"Flora_Tristan1\" src=\"https:\/\/www.upo.es\/diario\/wp-content\/uploads\/2014\/07\/Flora_Tristan1-320x213.jpg\" width=\"320\" height=\"213\" srcset=\"https:\/\/www.upo.es\/diario\/wp-content\/uploads\/2014\/07\/Flora_Tristan1-320x213.jpg 320w, https:\/\/www.upo.es\/diario\/wp-content\/uploads\/2014\/07\/Flora_Tristan1-600x399.jpg 600w, https:\/\/www.upo.es\/diario\/wp-content\/uploads\/2014\/07\/Flora_Tristan1.jpg 1700w\" sizes=\"auto, (max-width: 320px) 100vw, 320px\" \/>El pasado viernes d\u00eda 26 el Distrito Sur del Ayuntamiento de Sevilla entreg\u00f3 los <strong>V premios \u00abA una vida ejemplar en defensa del Distrito Sur\u00bb<\/strong> en sus diversas categor\u00edas. Entre los premiados este a\u00f1o se encuentra la Residencia Universitaria Flora Trist\u00e1n de la Universidad Pablo de Olavide, en su categor\u00eda de Juventud. El premio lo recibi\u00f3 el director de la residencia, el profesor Juan Blanco L\u00f3pez, en nombre de la Vicerrectora de Estudiantes, Cultura y Compromiso Social, Elodia Hern\u00e1ndez Le\u00f3n, de manos del alcalde de Sevilla, Juan Ignacio Zoido, y del delegado del Distrito, Jos\u00e9 Luis Garc\u00eda Mart\u00edn.<\/p>\n<p>El premio coincide con la celebraci\u00f3n este a\u00f1o del d\u00e9cimo aniversario de la presencia de la residencia en el Pol\u00edgono Sur, destac\u00e1ndose por parte del Ayuntamiento de Sevilla la importante labor realizada en el campo de la formaci\u00f3n de las personas m\u00e1s j\u00f3venes.<\/p>\n<p>Tambi\u00e9n se reconocieron en otras categor\u00edas a otras entidades, entre las que destaca el CEPER Pol\u00edgono Sur, al que este a\u00f1o se le han concedido el premio Miguel Hern\u00e1ndez de educaci\u00f3n, por parte del Ministerio y el premio internacional UNESCO-Confucio de Alfabetizaci\u00f3n 2014.<\/p>\n<p>&nbsp;<\/p>\n","protected":false},"excerpt":{"rendered":"<p>El premio coincide con la celebraci\u00f3n este a\u00f1o del d\u00e9cimo aniversario de la presencia de la residencia en el Pol\u00edgono Sur, destac\u00e1ndose por parte del Ayuntamiento de Sevilla la importante labor realizada en el campo de la formaci\u00f3n de las personas m\u00e1s j\u00f3venes.<\/p>\n","protected":false},"author":6,"featured_media":0,"comment_status":"closed","ping_status":"open","sticky":false,"template":"","format":"standard","meta":{"_monsterinsights_skip_tracking":false,"_monsterinsights_sitenote_active":false,"_monsterinsights_sitenote_note":"","_monsterinsights_sitenote_category":0,"footnotes":""},"categories":[6],"tags":[1791,621,1792,357,58,796,55],"class_list":["post-5970107","post","type-post","status-publish","format-standard","hentry","category-institucional","tag-alcalde","tag-ayuntamiento-de-sevilla","tag-juan-ignacio-zoido","tag-poligono-sur","tag-premio","tag-residencia","tag-ru-flora-tristan"],"_links":{"self":[{"href":"https:\/\/www.upo.es\/diario\/wp-json\/wp\/v2\/posts\/5970107","targetHints":{"allow":["GET"]}}],"collection":[{"href":"https:\/\/www.upo.es\/diario\/wp-json\/wp\/v2\/posts"}],"about":[{"href":"https:\/\/www.upo.es\/diario\/wp-json\/wp\/v2\/types\/post"}],"author":[{"embeddable":true,"href":"https:\/\/www.upo.es\/diario\/wp-json\/wp\/v2\/users\/6"}],"replies":[{"embeddable":true,"href":"https:\/\/www.upo.es\/diario\/wp-json\/wp\/v2\/comments?post=5970107"}],"version-history":[{"count":1,"href":"https:\/\/www.upo.es\/diario\/wp-json\/wp\/v2\/posts\/5970107\/revisions"}],"predecessor-version":[{"id":5970108,"href":"https:\/\/www.upo.es\/diario\/wp-json\/wp\/v2\/posts\/5970107\/revisions\/5970108"}],"wp:attachment":[{"href":"https:\/\/www.upo.es\/diario\/wp-json\/wp\/v2\/media?parent=5970107"}],"wp:term":[{"taxonomy":"category","embeddable":true,"href":"https:\/\/www.upo.es\/diario\/wp-json\/wp\/v2\/categories?post=5970107"},{"taxonomy":"post_tag","embeddable":true,"href":"https:\/\/www.upo.es\/diario\/wp-json\/wp\/v2\/tags?post=5970107"}],"curies":[{"name":"wp","href":"https:\/\/api.w.org\/{rel}","templated":true}]}}