{"id":5999147,"date":"2014-10-01T09:42:59","date_gmt":"2014-10-01T09:42:59","guid":{"rendered":"https:\/\/www.upo.es\/diario\/?p=5999147"},"modified":"2014-10-01T09:42:59","modified_gmt":"2014-10-01T09:42:59","slug":"visita-de-bibliotecarios-daneses-para-impulsar-un-proyecto-de-id-europeo-sobre-participacion-de-jovenes-en-la-union-europea","status":"publish","type":"post","link":"https:\/\/www.upo.es\/diario\/institucional\/2014\/10\/visita-de-bibliotecarios-daneses-para-impulsar-un-proyecto-de-id-europeo-sobre-participacion-de-jovenes-en-la-union-europea\/","title":{"rendered":"Visita de bibliotecarios daneses para impulsar un proyecto de I+D europeo sobre participaci\u00f3n de j\u00f3venes en la Uni\u00f3n Europea"},"content":{"rendered":"<figure id=\"attachment_5999148\" aria-describedby=\"caption-attachment-5999148\" style=\"width: 320px\" class=\"wp-caption alignright\"><a href=\"https:\/\/www.upo.es\/diario\/wp-content\/uploads\/2014\/10\/grupo-bibliotecarios-daneses.jpg\"><img loading=\"lazy\" decoding=\"async\" class=\"size-medium wp-image-5999148\" alt=\"Los participantes en el workshop, en la sede del LIPPO\" src=\"https:\/\/www.upo.es\/diario\/wp-content\/uploads\/2014\/10\/grupo-bibliotecarios-daneses-320x240.jpg\" width=\"320\" height=\"240\" srcset=\"https:\/\/www.upo.es\/diario\/wp-content\/uploads\/2014\/10\/grupo-bibliotecarios-daneses-320x240.jpg 320w, https:\/\/www.upo.es\/diario\/wp-content\/uploads\/2014\/10\/grupo-bibliotecarios-daneses-600x450.jpg 600w, https:\/\/www.upo.es\/diario\/wp-content\/uploads\/2014\/10\/grupo-bibliotecarios-daneses.jpg 1280w\" sizes=\"auto, (max-width: 320px) 100vw, 320px\" \/><\/a><figcaption id=\"caption-attachment-5999148\" class=\"wp-caption-text\">Los participantes en el workshop, en la sede del LIPPO<\/figcaption><\/figure>\n<p>Los pasados d\u00edas 29 y 30 de septiembre visitaron la UPO un grupo de bibliotecarios daneses que promueven un proyecto I+D europeo titulado \u201cPillars of Democracy\u201d. Este proyecto selecciona socios en toda la Uni\u00f3n Europea con el fin de apoyar iniciativas de colectivos de j\u00f3venes que mejoren la participaci\u00f3n pol\u00edtica de los mismos en la UE.\u00a0 Sara J\u00f8rgensen, coordinadora del proyecto, y Rafael Rodr\u00edguez Prieto, profesor de la UPO, consideraron que este I+D podr\u00eda ayudar \u201cno s\u00f3lo a fortalecer la democracia, sino tambi\u00e9n a generar redes europeas que mejoren la comunicaci\u00f3n entre iniciativas ciudadanas\u201d.<\/p>\n<p>El primer d\u00eda, el grupo fue recibido por la vicerrectora de Internacionalizaci\u00f3n Pilar Rodr\u00edguez Reina, y por la directora del Laboratorio de Media de la UPO, Roc\u00edo Fern\u00e1ndez. Posteriormente visitaron la biblioteca con la directora de la misma, Carmen Baena. Durante la ma\u00f1ana participaron en un workshop donde estudiantes de grado y postgrado vinculados al LIPPO presentaron iniciativas creativas de participaci\u00f3n pol\u00edtica como \u201cC\u00e1mara C\u00edvica\u201d, \u201cEurope to take away\u201d o \u201cThe Social Science Post\u201d. El segundo d\u00eda, el grupo visit\u00f3 el Centro Internacional y particip\u00f3 en la apertura de la SICE, con lo que tuvieron la oportunidad de observar directamente esta singular experiencia desarrollada y organizada por estudiantes de la UPO.<\/p>\n<p>Como coordinadores de la propuesta de partnership dise\u00f1ada en la UPO, participan Isabel Caballero y los profesores Jonathan Pass y Rafael Rodr\u00edguez Prieto.<\/p>\n","protected":false},"excerpt":{"rendered":"<p>Los pasados d\u00edas 29 y 30 de septiembre visitaron la UPO un grupo de bibliotecarios daneses que promueven un proyecto I+D europeo titulado \u201cPillars of Democracy\u201d. Este proyecto selecciona socios en toda la Uni\u00f3n Europea con el fin de apoyar iniciativas de colectivos de j\u00f3venes que mejoren la participaci\u00f3n pol\u00edtica de los mismos en la UE.<\/p>\n","protected":false},"author":8,"featured_media":0,"comment_status":"closed","ping_status":"open","sticky":false,"template":"","format":"standard","meta":{"_monsterinsights_skip_tracking":false,"_monsterinsights_sitenote_active":false,"_monsterinsights_sitenote_note":"","_monsterinsights_sitenote_category":0,"footnotes":""},"categories":[6],"tags":[1881,1882,256,1794,1885,1883,1884],"class_list":["post-5999147","post","type-post","status-publish","format-standard","hentry","category-institucional","tag-bibliotecarios","tag-daneses","tag-lippo","tag-pilar-rodriguez-reina","tag-pillars-of-democracy","tag-proyecto-de-id","tag-sara-jorgensen"],"_links":{"self":[{"href":"https:\/\/www.upo.es\/diario\/wp-json\/wp\/v2\/posts\/5999147","targetHints":{"allow":["GET"]}}],"collection":[{"href":"https:\/\/www.upo.es\/diario\/wp-json\/wp\/v2\/posts"}],"about":[{"href":"https:\/\/www.upo.es\/diario\/wp-json\/wp\/v2\/types\/post"}],"author":[{"embeddable":true,"href":"https:\/\/www.upo.es\/diario\/wp-json\/wp\/v2\/users\/8"}],"replies":[{"embeddable":true,"href":"https:\/\/www.upo.es\/diario\/wp-json\/wp\/v2\/comments?post=5999147"}],"version-history":[{"count":1,"href":"https:\/\/www.upo.es\/diario\/wp-json\/wp\/v2\/posts\/5999147\/revisions"}],"predecessor-version":[{"id":6000392,"href":"https:\/\/www.upo.es\/diario\/wp-json\/wp\/v2\/posts\/5999147\/revisions\/6000392"}],"wp:attachment":[{"href":"https:\/\/www.upo.es\/diario\/wp-json\/wp\/v2\/media?parent=5999147"}],"wp:term":[{"taxonomy":"category","embeddable":true,"href":"https:\/\/www.upo.es\/diario\/wp-json\/wp\/v2\/categories?post=5999147"},{"taxonomy":"post_tag","embeddable":true,"href":"https:\/\/www.upo.es\/diario\/wp-json\/wp\/v2\/tags?post=5999147"}],"curies":[{"name":"wp","href":"https:\/\/api.w.org\/{rel}","templated":true}]}}