{"id":6011689,"date":"2014-10-03T03:50:54","date_gmt":"2014-10-03T03:50:54","guid":{"rendered":"https:\/\/www.upo.es\/diario\/?p=6011689"},"modified":"2014-10-03T07:28:11","modified_gmt":"2014-10-03T07:28:11","slug":"concierto-del-coro-de-la-upo-en-la-noche-en-blanco-de-sevilla","status":"publish","type":"post","link":"https:\/\/www.upo.es\/diario\/cultura\/2014\/10\/concierto-del-coro-de-la-upo-en-la-noche-en-blanco-de-sevilla\/","title":{"rendered":"Concierto del Coro de la UPO en la Noche en Blanco de Sevilla"},"content":{"rendered":"<figure id=\"attachment_6011690\" aria-describedby=\"caption-attachment-6011690\" style=\"width: 226px\" class=\"wp-caption alignright\"><a href=\"https:\/\/www.upo.es\/diario\/wp-content\/uploads\/2014\/10\/cartel_coro_nocheenblanco.jpg\"><img loading=\"lazy\" decoding=\"async\" class=\"size-medium wp-image-6011690\" alt=\"\u201cGreco. In Memoriam\u201d , a las 22 horas en la iglesia San Pedro de Alc\u00e1ntara (cartel con pintura de El Greco)\" src=\"https:\/\/www.upo.es\/diario\/wp-content\/uploads\/2014\/10\/cartel_coro_nocheenblanco-226x320.jpg\" width=\"226\" height=\"320\" srcset=\"https:\/\/www.upo.es\/diario\/wp-content\/uploads\/2014\/10\/cartel_coro_nocheenblanco-226x320.jpg 226w, https:\/\/www.upo.es\/diario\/wp-content\/uploads\/2014\/10\/cartel_coro_nocheenblanco-424x600.jpg 424w, https:\/\/www.upo.es\/diario\/wp-content\/uploads\/2014\/10\/cartel_coro_nocheenblanco-600x848.jpg 600w\" sizes=\"auto, (max-width: 226px) 100vw, 226px\" \/><\/a><figcaption id=\"caption-attachment-6011690\" class=\"wp-caption-text\">\u201cGreco. In Memoriam\u201d , a las 22 horas en la iglesia San Pedro de Alc\u00e1ntara<\/figcaption><\/figure>\n<p><strong>Hoy viernes 3 de octubre, a las 22 horas en la iglesia San Pedro de Alc\u00e1ntara<\/strong> (calle Cervantes), tendr\u00e1 lugar el<strong> concierto \u201cGreco. In Memoriam\u201d del coro de la Universidad Pablo de Olavide<\/strong>, como parte de la edici\u00f3n 2014 de la <strong>Noche en Blanco de Sevilla<\/strong>. Jorge Rodr\u00edguez Morata estar\u00e1 a cargo de la direcci\u00f3n musical y Miguel Rodr\u00edguez Rodr\u00edguez se encargar\u00e1 de la direcci\u00f3n art\u00edstica.<\/p>\n<p>La <a href=\"http:\/\/sevillasemueve.org\/nocheenblanco2014\/\">Noche en Blanco<\/a> es un evento cultural y de participaci\u00f3n ciudadana que ya en la edici\u00f3n del a\u00f1o pasado alcanz\u00f3 la asistencia de m\u00e1s de treinta mil personas.<\/p>\n<p>&nbsp;<\/p>\n","protected":false},"excerpt":{"rendered":"<p>Hoy viernes 3 de octubre, a las 22 horas en la iglesia San Pedro de Alc\u00e1ntara (calle Cervantes), tendr\u00e1 lugar el concierto \u201cGreco. In Memoriam\u201d del coro de la Universidad Pablo de Olavide, como parte de la edici\u00f3n 2014 de la Noche en Blanco de Sevilla. <\/p>\n","protected":false},"author":6,"featured_media":0,"comment_status":"closed","ping_status":"open","sticky":false,"template":"","format":"standard","meta":{"_monsterinsights_skip_tracking":false,"_monsterinsights_sitenote_active":false,"_monsterinsights_sitenote_note":"","_monsterinsights_sitenote_category":0,"footnotes":""},"categories":[7],"tags":[71],"class_list":["post-6011689","post","type-post","status-publish","format-standard","hentry","category-cultura","tag-coro"],"_links":{"self":[{"href":"https:\/\/www.upo.es\/diario\/wp-json\/wp\/v2\/posts\/6011689","targetHints":{"allow":["GET"]}}],"collection":[{"href":"https:\/\/www.upo.es\/diario\/wp-json\/wp\/v2\/posts"}],"about":[{"href":"https:\/\/www.upo.es\/diario\/wp-json\/wp\/v2\/types\/post"}],"author":[{"embeddable":true,"href":"https:\/\/www.upo.es\/diario\/wp-json\/wp\/v2\/users\/6"}],"replies":[{"embeddable":true,"href":"https:\/\/www.upo.es\/diario\/wp-json\/wp\/v2\/comments?post=6011689"}],"version-history":[{"count":4,"href":"https:\/\/www.upo.es\/diario\/wp-json\/wp\/v2\/posts\/6011689\/revisions"}],"predecessor-version":[{"id":6076064,"href":"https:\/\/www.upo.es\/diario\/wp-json\/wp\/v2\/posts\/6011689\/revisions\/6076064"}],"wp:attachment":[{"href":"https:\/\/www.upo.es\/diario\/wp-json\/wp\/v2\/media?parent=6011689"}],"wp:term":[{"taxonomy":"category","embeddable":true,"href":"https:\/\/www.upo.es\/diario\/wp-json\/wp\/v2\/categories?post=6011689"},{"taxonomy":"post_tag","embeddable":true,"href":"https:\/\/www.upo.es\/diario\/wp-json\/wp\/v2\/tags?post=6011689"}],"curies":[{"name":"wp","href":"https:\/\/api.w.org\/{rel}","templated":true}]}}