{"id":6024280,"date":"2014-10-03T08:48:03","date_gmt":"2014-10-03T08:48:03","guid":{"rendered":"https:\/\/www.upo.es\/diario\/?p=6024280"},"modified":"2014-10-06T12:35:15","modified_gmt":"2014-10-06T12:35:15","slug":"ii-jornadas-de-orientacion-profesional-de-la-facultad-de-ciencias-sociales-de-la-universidad-pablo-de-olavide","status":"publish","type":"post","link":"https:\/\/www.upo.es\/diario\/institucional\/2014\/10\/ii-jornadas-de-orientacion-profesional-de-la-facultad-de-ciencias-sociales-de-la-universidad-pablo-de-olavide\/","title":{"rendered":"II Jornadas de Orientaci\u00f3n Profesional de la Facultad de Ciencias Sociales de la Universidad Pablo de Olavide"},"content":{"rendered":"<figure id=\"attachment_602494\" aria-describedby=\"caption-attachment-602494\" style=\"width: 320px\" class=\"wp-caption alignright\"><a href=\"https:\/\/www.upo.es\/diario\/wp-content\/uploads\/2014\/10\/Empleabilidad_5.jpg\"><img loading=\"lazy\" decoding=\"async\" class=\"size-medium wp-image-6024945  \" alt=\"Empleabilidad_5\" src=\"https:\/\/www.upo.es\/diario\/wp-content\/uploads\/2014\/10\/Empleabilidad_5-320x213.jpg\" width=\"320\" height=\"213\" srcset=\"https:\/\/www.upo.es\/diario\/wp-content\/uploads\/2014\/10\/Empleabilidad_5-320x213.jpg 320w, https:\/\/www.upo.es\/diario\/wp-content\/uploads\/2014\/10\/Empleabilidad_5-600x400.jpg 600w\" sizes=\"auto, (max-width: 320px) 100vw, 320px\" \/><\/a><figcaption id=\"caption-attachment-602494\" class=\"wp-caption-text\">En la imagen, Elodia Hern\u00e1ndez, Vicente Guzm\u00e1n, Micaela Navarro y Guillermo Dom\u00edguez.<\/figcaption><\/figure>\n<p>La Universidad Pablo de Olavide celebr\u00f3 el viernes 3 de octubre las <strong>II Jornadas de Orientaci\u00f3n Profesional de la Facultad de Ciencias Sociales<\/strong>, bajo el nombre de \u201cAutoempleo, Empleabilidad y Emprendimiento: Una alternativa de futuro ante el nuevo escenario de las ciencias sociales\u201d. Estas jornadas tienen el objetivo de ayudar y orientar a\u00a0 los estudiantes universitarios en la b\u00fasqueda de nuevos yacimientos de empleo, con el fin de que le permitan convertirse en ciudadanos activos de la sociedad.<\/p>\n<p>La inauguraci\u00f3n de estas jornadas estuvo presidida por el rector de la UPO, Vicente Guzm\u00e1n Fluja, Micaela Navarro, ex consejera de Asuntos Sociales y presidenta del PSOE, Elodia Hern\u00e1ndez Le\u00f3n, vicerrectora de Estudiantes, Cultura y Compromiso Social, y Guillermo Dom\u00ednguez Fern\u00e1ndez, decano de la Facultad de Ciencias Sociales.<\/p>\n<p>La primera edici\u00f3n de estas jornadas se celebr\u00f3 en el a\u00f1o 2012 bajo el t\u00edtulo \u201cTu futuro. Nuevos yacimientos de Empleo en las Ciencias Sociales: Empleabilidad y Emprendimiento\u201d, enmarcadas en el contrato programa entre la Facultad de Ciencias Sociales y la Universidad Pablo de Olavide como unas jornadas sobre orientaci\u00f3n profesional.<\/p>\n","protected":false},"excerpt":{"rendered":"<p>La Universidad Pablo de Olavide celebra hoy viernes las II Jornadas de Orientaci\u00f3n Profesional de la Facultad de Ciencias Sociales, bajo el nombre de \u201cAutoempleo, Empleabilidad y Emprendimiento: Una alternativa de futuro ante el nuevo escenario de las ciencias sociales\u201d. Estas jornadas tienen el objetivo de ayudar y orientar a  los estudiantes universitarios en la b\u00fasqueda de nuevos yacimientos de empleo, con el fin de que le permitan convertirse en ciudadanos activos de la sociedad.<\/p>\n","protected":false},"author":9,"featured_media":0,"comment_status":"closed","ping_status":"open","sticky":false,"template":"","format":"standard","meta":{"_monsterinsights_skip_tracking":false,"_monsterinsights_sitenote_active":false,"_monsterinsights_sitenote_note":"","_monsterinsights_sitenote_category":0,"footnotes":""},"categories":[6],"tags":[487,1886,1657,491],"class_list":["post-6024280","post","type-post","status-publish","format-standard","hentry","category-institucional","tag-facultad-ciencias-sociales","tag-ii-jornadas-de-orientacion-profesional","tag-universidad-pablo-de-olavide","tag-upo"],"_links":{"self":[{"href":"https:\/\/www.upo.es\/diario\/wp-json\/wp\/v2\/posts\/6024280","targetHints":{"allow":["GET"]}}],"collection":[{"href":"https:\/\/www.upo.es\/diario\/wp-json\/wp\/v2\/posts"}],"about":[{"href":"https:\/\/www.upo.es\/diario\/wp-json\/wp\/v2\/types\/post"}],"author":[{"embeddable":true,"href":"https:\/\/www.upo.es\/diario\/wp-json\/wp\/v2\/users\/9"}],"replies":[{"embeddable":true,"href":"https:\/\/www.upo.es\/diario\/wp-json\/wp\/v2\/comments?post=6024280"}],"version-history":[{"count":6,"href":"https:\/\/www.upo.es\/diario\/wp-json\/wp\/v2\/posts\/6024280\/revisions"}],"predecessor-version":[{"id":6076070,"href":"https:\/\/www.upo.es\/diario\/wp-json\/wp\/v2\/posts\/6024280\/revisions\/6076070"}],"wp:attachment":[{"href":"https:\/\/www.upo.es\/diario\/wp-json\/wp\/v2\/media?parent=6024280"}],"wp:term":[{"taxonomy":"category","embeddable":true,"href":"https:\/\/www.upo.es\/diario\/wp-json\/wp\/v2\/categories?post=6024280"},{"taxonomy":"post_tag","embeddable":true,"href":"https:\/\/www.upo.es\/diario\/wp-json\/wp\/v2\/tags?post=6024280"}],"curies":[{"name":"wp","href":"https:\/\/api.w.org\/{rel}","templated":true}]}}