{"id":6026958,"date":"2014-10-03T00:15:32","date_gmt":"2014-10-03T00:15:32","guid":{"rendered":"https:\/\/www.upo.es\/diario\/?p=6026958"},"modified":"2014-10-07T07:27:09","modified_gmt":"2014-10-07T07:27:09","slug":"el-proximo-lunes-en-la-upo-charla-coloquio-la-emergencia-de-una-alternativa-politica-en-europa","status":"publish","type":"post","link":"https:\/\/www.upo.es\/diario\/institucional\/2014\/10\/el-proximo-lunes-en-la-upo-charla-coloquio-la-emergencia-de-una-alternativa-politica-en-europa\/","title":{"rendered":"El pr\u00f3ximo lunes en la UPO, charla-coloquio \u201cLa emergencia de una alternativa pol\u00edtica en Europa\u201d"},"content":{"rendered":"<p>El pr\u00f3ximo lunes 6 de octubre, a las 18 horas en el Paraninfo de la Universidad Pablo de Olavide, tendr\u00e1 lugar la charla-coloquio \u201cLa emergencia de una alternativa pol\u00edtica en Europa\u201d, en la que participar\u00e1n I\u00f1igo Errej\u00f3n, investigador del Centro de Estudios Pol\u00edticos y Sociales de la Universidad Complutense de Madrid; Sergio Pascual, Isabel Franco y Luis Silva, miembros del Comit\u00e9 de Extensi\u00f3n de Podemos; y David Moscoso S\u00e1nchez, profesor de Sociolog\u00eda de la Universidad Pablo de Olavide.<\/p>\n<p>Esta charla est\u00e1 organizada por el <a href=\"http:\/\/www.upo.es\/otri\/contenido?pag=\/portal\/otri\/contenidos\/oferta_cientifico_tecnologica\/grupos_investigacion\/gruposSEJ\/Analisissociologico&amp;menuid=16090&amp;vE=R5641\">grupo de investigaci\u00f3n An\u00e1lisis Sociol\u00f3gico sobre Tendencias Sociales<\/a> de la Universidad Pablo de Olavide y tiene como objetivo debatir y reflexionar sobre las nuevas formas de participaci\u00f3n pol\u00edtica emergentes en Europa en la actualidad. En particular, sobre los movimientos sociales que est\u00e1n incorpor\u00e1ndose a la vida pol\u00edtica en los pa\u00edses de nuestro entorno y en Espa\u00f1a. Tambi\u00e9n se abordar\u00e1n los movimientos ciudadanos de participaci\u00f3n en el \u00e1mbito de la universidad p\u00fablica espa\u00f1ola.<\/p>\n<p>La entrada es gratuita y libre hasta completar aforo.<\/p>\n","protected":false},"excerpt":{"rendered":"<p>El pr\u00f3ximo lunes 6 de octubre, a las 18 horas en el Paraninfo de la Universidad Pablo de Olavide, tendr\u00e1 lugar la charla-coloquio \u201cLa emergencia de una alternativa pol\u00edtica en Europa\u201d, en la que participar\u00e1n I\u00f1igo Errej\u00f3n, investigador del Centro de Estudios Pol\u00edticos y Sociales de la Universidad Complutense de Madrid; Sergio Pascual, Isabel Franco y Luis Silva, miembros del Comit\u00e9 de Extensi\u00f3n de Podemos; y David Moscoso S\u00e1nchez, profesor de Sociolog\u00eda de la Universidad Pablo de Olavide.<\/p>\n","protected":false},"author":8,"featured_media":0,"comment_status":"closed","ping_status":"open","sticky":false,"template":"","format":"standard","meta":{"_monsterinsights_skip_tracking":false,"_monsterinsights_sitenote_active":false,"_monsterinsights_sitenote_note":"","_monsterinsights_sitenote_category":0,"footnotes":""},"categories":[6],"tags":[901,603,1907,1903,1905,1902,1906,1904],"class_list":["post-6026958","post","type-post","status-publish","format-standard","hentry","category-institucional","tag-charla","tag-coloquio","tag-david-moscoso-sanchez","tag-inigo-errejon","tag-isabel-franco","tag-la-emergencia-de-una-alternativa-politica-en-europa","tag-luis-silva","tag-sergio-pascual"],"_links":{"self":[{"href":"https:\/\/www.upo.es\/diario\/wp-json\/wp\/v2\/posts\/6026958","targetHints":{"allow":["GET"]}}],"collection":[{"href":"https:\/\/www.upo.es\/diario\/wp-json\/wp\/v2\/posts"}],"about":[{"href":"https:\/\/www.upo.es\/diario\/wp-json\/wp\/v2\/types\/post"}],"author":[{"embeddable":true,"href":"https:\/\/www.upo.es\/diario\/wp-json\/wp\/v2\/users\/8"}],"replies":[{"embeddable":true,"href":"https:\/\/www.upo.es\/diario\/wp-json\/wp\/v2\/comments?post=6026958"}],"version-history":[{"count":8,"href":"https:\/\/www.upo.es\/diario\/wp-json\/wp\/v2\/posts\/6026958\/revisions"}],"predecessor-version":[{"id":6088688,"href":"https:\/\/www.upo.es\/diario\/wp-json\/wp\/v2\/posts\/6026958\/revisions\/6088688"}],"wp:attachment":[{"href":"https:\/\/www.upo.es\/diario\/wp-json\/wp\/v2\/media?parent=6026958"}],"wp:term":[{"taxonomy":"category","embeddable":true,"href":"https:\/\/www.upo.es\/diario\/wp-json\/wp\/v2\/categories?post=6026958"},{"taxonomy":"post_tag","embeddable":true,"href":"https:\/\/www.upo.es\/diario\/wp-json\/wp\/v2\/tags?post=6026958"}],"curies":[{"name":"wp","href":"https:\/\/api.w.org\/{rel}","templated":true}]}}