{"id":6076052,"date":"2014-10-06T12:20:09","date_gmt":"2014-10-06T12:20:09","guid":{"rendered":"https:\/\/www.upo.es\/diario\/?p=6076052"},"modified":"2014-10-08T07:43:56","modified_gmt":"2014-10-08T07:43:56","slug":"antiguos-alumnos-de-la-universidad-laboral-de-sevilla-visitan-la-universidad-pablo-de-olavide-4","status":"publish","type":"post","link":"https:\/\/www.upo.es\/diario\/institucional\/2014\/10\/antiguos-alumnos-de-la-universidad-laboral-de-sevilla-visitan-la-universidad-pablo-de-olavide-4\/","title":{"rendered":"Antiguos alumnos de la Universidad Laboral de Sevilla visitan la Universidad Pablo de Olavide"},"content":{"rendered":"<p>Un grupo de veinte antiguos alumnos de las promociones de 1974 y 1975 que realizaron sus estudios de Arquitectura T\u00e9cnica en la Universidad Laboral de Sevilla, visitaron el pasado s\u00e1bado 4 de octubre las instalaciones de la actual Universidad Pablo de Olavide.<\/p>\n<p>Pilar Rodr\u00edguez Reina, vicerrectora de Internacionalizaci\u00f3n y Comunicaci\u00f3n, junto al vicepresidente del Real e Ilustre Colegio Oficial de Medicina de Sevilla, Miguel Arag\u00f3n Rom\u00e1n, quien fue director del Centro Residencial de Ense\u00f1anzas Integradas hasta el a\u00f1o 1989, les dio la bienvenida en el Paraninfo de la Universidad. Acompa\u00f1ados por Luis Bobadilla, recorrieron durante la jornada de ma\u00f1ana la Universidad Pablo de Olavide, antiguas instalaciones de la Universidad Laboral donde residieron y estudiaron. De esta manera, el grupo pudo comprobar de primera mano c\u00f3mo ha cambiado el campus desde entonces.<\/p>\n<figure id=\"attachment_607606\" aria-describedby=\"caption-attachment-607606\" style=\"width: 600px\" class=\"wp-caption aligncenter\"><a href=\"https:\/\/www.upo.es\/diario\/wp-content\/uploads\/2014\/10\/visita_antiguos_alumnos2.jpg\"><img loading=\"lazy\" decoding=\"async\" class=\"size-large wp-image-6076061  \" alt=\"visita_antiguos_alumnos\" src=\"https:\/\/www.upo.es\/diario\/wp-content\/uploads\/2014\/10\/visita_antiguos_alumnos2-600x399.jpg\" width=\"600\" height=\"399\" srcset=\"https:\/\/www.upo.es\/diario\/wp-content\/uploads\/2014\/10\/visita_antiguos_alumnos2-600x399.jpg 600w, https:\/\/www.upo.es\/diario\/wp-content\/uploads\/2014\/10\/visita_antiguos_alumnos2-320x213.jpg 320w\" sizes=\"auto, (max-width: 600px) 100vw, 600px\" \/><\/a><figcaption id=\"caption-attachment-607606\" class=\"wp-caption-text\">Antiguos alumnos de las promociones de 1974 y 1975 que realizaron sus estudios de Arquitectura T\u00e9cnica en la Universidad Laboral de Sevilla<\/figcaption><\/figure>\n<p style=\"text-align: center;\"><a href=\"https:\/\/www.upo.es\/diario\/wp-content\/uploads\/2014\/10\/visita_antiguos_alumnos1.jpg\"><img loading=\"lazy\" decoding=\"async\" class=\"size-large wp-image-6076059 aligncenter\" alt=\"visita_antiguos_alumnos1\" src=\"https:\/\/www.upo.es\/diario\/wp-content\/uploads\/2014\/10\/visita_antiguos_alumnos1-600x400.jpg\" width=\"600\" height=\"400\" srcset=\"https:\/\/www.upo.es\/diario\/wp-content\/uploads\/2014\/10\/visita_antiguos_alumnos1-600x400.jpg 600w, https:\/\/www.upo.es\/diario\/wp-content\/uploads\/2014\/10\/visita_antiguos_alumnos1-320x213.jpg 320w\" sizes=\"auto, (max-width: 600px) 100vw, 600px\" \/><\/a><\/p>\n","protected":false},"excerpt":{"rendered":"<p>Un grupo de veinte antiguos alumnos de las promociones de 1974 y 1975 que realizaron sus estudios de Arquitectura T\u00e9cnica en la Universidad Laboral de Sevilla, visitaron el pasado s\u00e1bado 4 de octubre las instalaciones de la actual Universidad Pablo de Olavide.<\/p>\n","protected":false},"author":9,"featured_media":0,"comment_status":"closed","ping_status":"open","sticky":false,"template":"","format":"standard","meta":{"_monsterinsights_skip_tracking":false,"_monsterinsights_sitenote_active":false,"_monsterinsights_sitenote_note":"","_monsterinsights_sitenote_category":0,"footnotes":""},"categories":[6],"tags":[153,107,161,1261,297],"class_list":["post-6076052","post","type-post","status-publish","format-standard","hentry","category-institucional","tag-alumni","tag-campus","tag-sevilla","tag-universidad-laboral","tag-visita"],"_links":{"self":[{"href":"https:\/\/www.upo.es\/diario\/wp-json\/wp\/v2\/posts\/6076052","targetHints":{"allow":["GET"]}}],"collection":[{"href":"https:\/\/www.upo.es\/diario\/wp-json\/wp\/v2\/posts"}],"about":[{"href":"https:\/\/www.upo.es\/diario\/wp-json\/wp\/v2\/types\/post"}],"author":[{"embeddable":true,"href":"https:\/\/www.upo.es\/diario\/wp-json\/wp\/v2\/users\/9"}],"replies":[{"embeddable":true,"href":"https:\/\/www.upo.es\/diario\/wp-json\/wp\/v2\/comments?post=6076052"}],"version-history":[{"count":2,"href":"https:\/\/www.upo.es\/diario\/wp-json\/wp\/v2\/posts\/6076052\/revisions"}],"predecessor-version":[{"id":6105328,"href":"https:\/\/www.upo.es\/diario\/wp-json\/wp\/v2\/posts\/6076052\/revisions\/6105328"}],"wp:attachment":[{"href":"https:\/\/www.upo.es\/diario\/wp-json\/wp\/v2\/media?parent=6076052"}],"wp:term":[{"taxonomy":"category","embeddable":true,"href":"https:\/\/www.upo.es\/diario\/wp-json\/wp\/v2\/categories?post=6076052"},{"taxonomy":"post_tag","embeddable":true,"href":"https:\/\/www.upo.es\/diario\/wp-json\/wp\/v2\/tags?post=6076052"}],"curies":[{"name":"wp","href":"https:\/\/api.w.org\/{rel}","templated":true}]}}