{"id":609601,"date":"2013-02-25T13:27:42","date_gmt":"2013-02-25T13:27:42","guid":{"rendered":"https:\/\/www.upo.es\/diario\/?p=609601"},"modified":"2013-02-25T13:27:42","modified_gmt":"2013-02-25T13:27:42","slug":"apto-cum-laude-para-la-tesis-diversidad-cultural-en-espana-y-mexico-un-estudio-comparativo-sobre-el-significado-de-la-interculturalidad-y-su-gestion-en-contextos-locales","status":"publish","type":"post","link":"https:\/\/www.upo.es\/diario\/tesis\/2013\/02\/apto-cum-laude-para-la-tesis-diversidad-cultural-en-espana-y-mexico-un-estudio-comparativo-sobre-el-significado-de-la-interculturalidad-y-su-gestion-en-contextos-locales\/","title":{"rendered":"Apto Cum Laude para la tesis \u201cDiversidad cultural en Espa\u00f1a y M\u00e9xico. Un estudio comparativo sobre el significado de la interculturalidad y su gesti\u00f3n en contextos locales\u201d."},"content":{"rendered":"<p>El viernes 22 de febrero tuvo lugar en el Sal\u00f3n de Grados del Edificio 6, la defensa p\u00fablica de la tesis doctoral titulada \u00abDiversidad cultural en Espa\u00f1a y M\u00e9xico. Un estudio comparativo sobre el significado de la interculturalidad y su gesti\u00f3n en contextos locales\u201d, de la que es autora Inmaculada Antolinez Dom\u00ednguez. Esta tesis doctoral, dirigida por las profesoras Mar\u00eda Garc\u00eda-Cano Torrico de la Universidad de C\u00f3rdoba y Cristina Villalba Quesada de la Universidad Pablo de Olavide, ha obtenido la calificaci\u00f3n de Apto Cum Laude.<\/p>\n","protected":false},"excerpt":{"rendered":"<p>El viernes 22 de febrero tuvo lugar en el Sal\u00f3n de Grados del Edificio 6, la defensa p\u00fablica de la tesis doctoral titulada \u00abDiversidad cultural en Espa\u00f1a y M\u00e9xico. Un estudio comparativo sobre el significado de la interculturalidad y su gesti\u00f3n en contextos locales\u201d, de la que es autora Inmaculada Antolinez Dom\u00ednguez. Esta tesis doctoral, dirigida por las profesoras Mar\u00eda Garc\u00eda-Cano Torrico de la Universidad de C\u00f3rdoba y Cristina Villalba Quesada de la Universidad Pablo de Olavide, ha obtenido la calificaci\u00f3n de Apto Cum Laude.<\/p>\n","protected":false},"author":5,"featured_media":0,"comment_status":"closed","ping_status":"open","sticky":false,"template":"","format":"standard","meta":{"_monsterinsights_skip_tracking":false,"_monsterinsights_sitenote_active":false,"_monsterinsights_sitenote_note":"","_monsterinsights_sitenote_category":0,"footnotes":""},"categories":[119],"tags":[287,285,288,286],"class_list":["post-609601","post","type-post","status-publish","format-standard","hentry","category-tesis","tag-diversidad-cultural","tag-espana","tag-interculturalidad","tag-mexico"],"_links":{"self":[{"href":"https:\/\/www.upo.es\/diario\/wp-json\/wp\/v2\/posts\/609601","targetHints":{"allow":["GET"]}}],"collection":[{"href":"https:\/\/www.upo.es\/diario\/wp-json\/wp\/v2\/posts"}],"about":[{"href":"https:\/\/www.upo.es\/diario\/wp-json\/wp\/v2\/types\/post"}],"author":[{"embeddable":true,"href":"https:\/\/www.upo.es\/diario\/wp-json\/wp\/v2\/users\/5"}],"replies":[{"embeddable":true,"href":"https:\/\/www.upo.es\/diario\/wp-json\/wp\/v2\/comments?post=609601"}],"version-history":[{"count":1,"href":"https:\/\/www.upo.es\/diario\/wp-json\/wp\/v2\/posts\/609601\/revisions"}],"predecessor-version":[{"id":609602,"href":"https:\/\/www.upo.es\/diario\/wp-json\/wp\/v2\/posts\/609601\/revisions\/609602"}],"wp:attachment":[{"href":"https:\/\/www.upo.es\/diario\/wp-json\/wp\/v2\/media?parent=609601"}],"wp:term":[{"taxonomy":"category","embeddable":true,"href":"https:\/\/www.upo.es\/diario\/wp-json\/wp\/v2\/categories?post=609601"},{"taxonomy":"post_tag","embeddable":true,"href":"https:\/\/www.upo.es\/diario\/wp-json\/wp\/v2\/tags?post=609601"}],"curies":[{"name":"wp","href":"https:\/\/api.w.org\/{rel}","templated":true}]}}