{"id":6108693,"date":"2014-10-09T07:00:20","date_gmt":"2014-10-09T07:00:20","guid":{"rendered":"https:\/\/www.upo.es\/diario\/?p=6108693"},"modified":"2014-10-09T07:33:12","modified_gmt":"2014-10-09T07:33:12","slug":"angel-manuel-lopez-imparte-manana-la-leccion-inaugural-del-doctorado-en-ciencias-juridicas-y-politicas-de-la-upo","status":"publish","type":"post","link":"https:\/\/www.upo.es\/diario\/institucional\/2014\/10\/angel-manuel-lopez-imparte-manana-la-leccion-inaugural-del-doctorado-en-ciencias-juridicas-y-politicas-de-la-upo\/","title":{"rendered":"\u00c1ngel Manuel L\u00f3pez imparte hoy la lecci\u00f3n inaugural del doctorado en Ciencias Jur\u00eddicas y Pol\u00edticas de la UPO"},"content":{"rendered":"<p><strong>\u00c1ngel Manuel L\u00f3pez y L\u00f3pez<\/strong>, catedr\u00e1tico de Derecho Civil de la Universidad de Sevilla, imparte hoy jueves,<b> a las 17 horas en el sal\u00f3n de grados del edificio 7<\/b> de la Universidad Pablo de Olavide, la Lecci\u00f3n Inaugural del Programa de Doctorado en Ciencias Jur\u00eddicas y Pol\u00edticas, que lleva por t\u00edtulo <strong>\u201cConstituci\u00f3n y Derecho Privado\u201d<\/strong>. El acto estar\u00e1 presidido por el rector de la Universidad Pablo de Olavide, Vicente Guzm\u00e1n Fluja.<\/p>\n<p>El <strong>Doctorado en Ciencias Jur\u00eddicas y Pol\u00edticas<\/strong> de la UPO abarca dos grandes sectores de las ciencias sociales, el Derecho y las Ciencias Pol\u00edticas. La Universidad Pablo de Olavide apuesta de esta forma por estudios que integren ambas \u00e1reas tem\u00e1ticas, en las que ya cuenta con una amplia oferta de Grados. As\u00ed, en este postgrado los alumnos profundizar\u00e1n en varias ramas del Derecho \u2013penal, financiero, civil, internacional, procesal, etc\u2013 a la vez que se abordan otras l\u00edneas como comunicaci\u00f3n y comportamiento pol\u00edtico, el liderazgo o el funcionamiento de las instituciones y las pol\u00edticas p\u00fablicas.<\/p>\n<p>&nbsp;<\/p>\n","protected":false},"excerpt":{"rendered":"<p>\u00c1ngel Manuel L\u00f3pez y L\u00f3pez, catedr\u00e1tico de Derecho Civil de la Universidad de Sevilla, imparte hoy, a las 17 horas en el sal\u00f3n de grados del edificio 7 de la Universidad Pablo de Olavide, la Lecci\u00f3n Inaugural del Programa de Doctorado en Ciencias Jur\u00eddicas y Pol\u00edticas, que lleva por t\u00edtulo \u201cConstituci\u00f3n y Derecho Privado\u201d. El acto estar\u00e1 presidido por el rector de la Universidad Pablo de Olavide, Vicente Guzm\u00e1n Fluja. <\/p>\n","protected":false},"author":6,"featured_media":0,"comment_status":"closed","ping_status":"open","sticky":false,"template":"","format":"standard","meta":{"_monsterinsights_skip_tracking":false,"_monsterinsights_sitenote_active":false,"_monsterinsights_sitenote_note":"","_monsterinsights_sitenote_category":0,"footnotes":""},"categories":[6],"tags":[598,545,87,973,1160,76,82,38,106],"class_list":["post-6108693","post","type-post","status-publish","format-standard","hentry","category-institucional","tag-ciencias-politicas","tag-ciencias-sociales","tag-derecho","tag-doctorado","tag-escuela-de-doctorado","tag-politica","tag-postgrado","tag-rector","tag-vicente-c-guzman"],"_links":{"self":[{"href":"https:\/\/www.upo.es\/diario\/wp-json\/wp\/v2\/posts\/6108693","targetHints":{"allow":["GET"]}}],"collection":[{"href":"https:\/\/www.upo.es\/diario\/wp-json\/wp\/v2\/posts"}],"about":[{"href":"https:\/\/www.upo.es\/diario\/wp-json\/wp\/v2\/types\/post"}],"author":[{"embeddable":true,"href":"https:\/\/www.upo.es\/diario\/wp-json\/wp\/v2\/users\/6"}],"replies":[{"embeddable":true,"href":"https:\/\/www.upo.es\/diario\/wp-json\/wp\/v2\/comments?post=6108693"}],"version-history":[{"count":3,"href":"https:\/\/www.upo.es\/diario\/wp-json\/wp\/v2\/posts\/6108693\/revisions"}],"predecessor-version":[{"id":6121285,"href":"https:\/\/www.upo.es\/diario\/wp-json\/wp\/v2\/posts\/6108693\/revisions\/6121285"}],"wp:attachment":[{"href":"https:\/\/www.upo.es\/diario\/wp-json\/wp\/v2\/media?parent=6108693"}],"wp:term":[{"taxonomy":"category","embeddable":true,"href":"https:\/\/www.upo.es\/diario\/wp-json\/wp\/v2\/categories?post=6108693"},{"taxonomy":"post_tag","embeddable":true,"href":"https:\/\/www.upo.es\/diario\/wp-json\/wp\/v2\/tags?post=6108693"}],"curies":[{"name":"wp","href":"https:\/\/api.w.org\/{rel}","templated":true}]}}