{"id":6123992,"date":"2014-10-09T11:36:44","date_gmt":"2014-10-09T11:36:44","guid":{"rendered":"https:\/\/www.upo.es\/diario\/?p=6123992"},"modified":"2014-10-09T11:36:44","modified_gmt":"2014-10-09T11:36:44","slug":"responsables-de-instituciones-educativas-colombianas-visitan-la-universidad-pablo-de-olavide","status":"publish","type":"post","link":"https:\/\/www.upo.es\/diario\/institucional\/2014\/10\/responsables-de-instituciones-educativas-colombianas-visitan-la-universidad-pablo-de-olavide\/","title":{"rendered":"Responsables de instituciones educativas colombianas visitan la Universidad Pablo de Olavide"},"content":{"rendered":"<figure id=\"attachment_612399\" aria-describedby=\"caption-attachment-612399\" style=\"width: 320px\" class=\"wp-caption alignright\"><a href=\"https:\/\/www.upo.es\/diario\/wp-content\/uploads\/2014\/10\/visita_colombia.jpg\"><img loading=\"lazy\" decoding=\"async\" class=\"size-medium wp-image-6123995\" alt=\"visita_colombia\" src=\"https:\/\/www.upo.es\/diario\/wp-content\/uploads\/2014\/10\/visita_colombia-320x193.jpg\" width=\"320\" height=\"193\" srcset=\"https:\/\/www.upo.es\/diario\/wp-content\/uploads\/2014\/10\/visita_colombia-320x193.jpg 320w, https:\/\/www.upo.es\/diario\/wp-content\/uploads\/2014\/10\/visita_colombia-600x362.jpg 600w\" sizes=\"auto, (max-width: 320px) 100vw, 320px\" \/><\/a><figcaption id=\"caption-attachment-612399\" class=\"wp-caption-text\">La vicerrectora de Internacionalizaci\u00f3n, Pilar Rodr\u00edguez Reina (tercera por la izq. en la fotograf\u00eda), ha recibido a los directores colombianos<\/figcaption><\/figure>\n<p>Un grupo de nueve directores de instituciones educativas colombianas, invitados por la Fundaci\u00f3n Carolina, con el patrocinio de la Fundaci\u00f3n Cavelier Lozano de Colombia, han visitado hoy la Universidad Pablo de Olavide. Los responsables educativos han sido recibidos por la vicerrectora de Internacionalizaci\u00f3n y Comunicaci\u00f3n, Pilar Rodr\u00edguez Reina.<\/p>\n<p>El objetivo de esta visita, en la que se les ha presentado el campus virtual de la UPO y los programas de innovaci\u00f3n docente puestos en marcha por esta universidad, es apoyar la profesionalizaci\u00f3n de la educaci\u00f3n. La Fundaci\u00f3n Cavelier Lozano quiere as\u00ed fortalecer estas relaciones entre docentes que permiten ampliar el conocimiento que se tiene de Colombia en Espa\u00f1a y viceversa, adem\u00e1s de fomentar la colaboraci\u00f3n e intercambio de experiencias educativas entre ambos pa\u00edses.<\/p>\n<p>La Fundaci\u00f3n Cavelier promueve el acceso a la educaci\u00f3n superior de j\u00f3venes con altas habilidades acad\u00e9micas de comunidades vulnerables y zonas rurales del departamento de Cundinamarca.<\/p>\n<p>A este encuentro han asistido Aura Pilar Noriega Jim\u00e9nez, gerente de la Fundaci\u00f3n Cavelier y ex directora de Calidad Educativa en la Secretar\u00eda de Educaci\u00f3n de la Gobernaci\u00f3n de Cundinamarca; Eduardo Nicol\u00e1s Hern\u00e1ndez Flores, rector de la Gobernaci\u00f3n de Cundinamarca; Juan Orlando Pinto Ballen, director de la Instituci\u00f3n educativa departamental Capellan\u00eda, en Cajica; Janeth Cecilia Cubides Vargas, docente en la Fundaci\u00f3n Universitaria Juan de Castellanos; Jairo Enrique Contreras Mendoza, rector del colegio Antonio Nari\u00f1o Cajic\u00e1, en el departamento de Cundinamarca; Andrea In\u00e9s Medina Gonz\u00e1lez, directora del \u00e1rea educativa en la alcald\u00eda de Cajic\u00e1, Mar\u00eda del Carmen Mart\u00ednez Torres, rectora de la municipalidad de Cundinamarca; Myriam Arias Gaona, directora del colegio Pablo Herrera del departamento de Cundinamarca, y Emperatriz Ropero Avella, directora de la instituci\u00f3n educativa departamental San Gabriel del municipio de Cajic\u00e1.<\/p>\n","protected":false},"excerpt":{"rendered":"<p>Un grupo de nueve directores de instituciones educativas colombianas, invitados por la Fundaci\u00f3n Carolina, con el patrocinio de la Fundaci\u00f3n Cavelier Lozano de Colombia, han visitado hoy la Universidad Pablo de Olavide. Los responsables educativos han sido recibidos por la vicerrectora de Internacionalizaci\u00f3n y Comunicaci\u00f3n, Pilar Rodr\u00edguez Reina.<\/p>\n","protected":false},"author":9,"featured_media":0,"comment_status":"closed","ping_status":"open","sticky":false,"template":"","format":"standard","meta":{"_monsterinsights_skip_tracking":false,"_monsterinsights_sitenote_active":false,"_monsterinsights_sitenote_note":"","_monsterinsights_sitenote_category":0,"footnotes":""},"categories":[6],"tags":[1924,1925,1657,491],"class_list":["post-6123992","post","type-post","status-publish","format-standard","hentry","category-institucional","tag-fundacion-carolina","tag-fundacion-cavelier-lozano-de-colombia","tag-universidad-pablo-de-olavide","tag-upo"],"_links":{"self":[{"href":"https:\/\/www.upo.es\/diario\/wp-json\/wp\/v2\/posts\/6123992","targetHints":{"allow":["GET"]}}],"collection":[{"href":"https:\/\/www.upo.es\/diario\/wp-json\/wp\/v2\/posts"}],"about":[{"href":"https:\/\/www.upo.es\/diario\/wp-json\/wp\/v2\/types\/post"}],"author":[{"embeddable":true,"href":"https:\/\/www.upo.es\/diario\/wp-json\/wp\/v2\/users\/9"}],"replies":[{"embeddable":true,"href":"https:\/\/www.upo.es\/diario\/wp-json\/wp\/v2\/comments?post=6123992"}],"version-history":[{"count":1,"href":"https:\/\/www.upo.es\/diario\/wp-json\/wp\/v2\/posts\/6123992\/revisions"}],"predecessor-version":[{"id":6123997,"href":"https:\/\/www.upo.es\/diario\/wp-json\/wp\/v2\/posts\/6123992\/revisions\/6123997"}],"wp:attachment":[{"href":"https:\/\/www.upo.es\/diario\/wp-json\/wp\/v2\/media?parent=6123992"}],"wp:term":[{"taxonomy":"category","embeddable":true,"href":"https:\/\/www.upo.es\/diario\/wp-json\/wp\/v2\/categories?post=6123992"},{"taxonomy":"post_tag","embeddable":true,"href":"https:\/\/www.upo.es\/diario\/wp-json\/wp\/v2\/tags?post=6123992"}],"curies":[{"name":"wp","href":"https:\/\/api.w.org\/{rel}","templated":true}]}}