{"id":6140203,"date":"2014-10-10T00:01:26","date_gmt":"2014-10-10T00:01:26","guid":{"rendered":"https:\/\/www.upo.es\/diario\/?p=6140203"},"modified":"2014-10-15T07:35:18","modified_gmt":"2014-10-15T07:35:18","slug":"el-martes-comienza-en-la-upo-el-taller-de-narracion-oral-el-cuento-como-herramienta-pedagogica-y-social","status":"publish","type":"post","link":"https:\/\/www.upo.es\/diario\/cultura\/2014\/10\/el-martes-comienza-en-la-upo-el-taller-de-narracion-oral-el-cuento-como-herramienta-pedagogica-y-social\/","title":{"rendered":"El martes comienza en la UPO el taller de narraci\u00f3n oral \u201cEl cuento como herramienta pedag\u00f3gica y social\u201d"},"content":{"rendered":"<p><a href=\"https:\/\/www.upo.es\/diario\/wp-content\/uploads\/2014\/10\/cartel_2014.jpg\"><img loading=\"lazy\" decoding=\"async\" class=\"alignright size-medium wp-image-6140205\" alt=\"cartel_2014\" src=\"https:\/\/www.upo.es\/diario\/wp-content\/uploads\/2014\/10\/cartel_2014-227x320.jpg\" width=\"227\" height=\"320\" srcset=\"https:\/\/www.upo.es\/diario\/wp-content\/uploads\/2014\/10\/cartel_2014-227x320.jpg 227w, https:\/\/www.upo.es\/diario\/wp-content\/uploads\/2014\/10\/cartel_2014-426x600.jpg 426w, https:\/\/www.upo.es\/diario\/wp-content\/uploads\/2014\/10\/cartel_2014-600x844.jpg 600w\" sizes=\"auto, (max-width: 227px) 100vw, 227px\" \/><\/a>El pr\u00f3ximo martes 14 de octubre, a las 10 horas en la Sala de Teatro de la Universidad Pablo de Olavide, dar\u00e1 comienzo un Taller de Narraci\u00f3n Oral, que se enmarca en el <a href=\"http:\/\/festicuentosintercultural.blogspot.com.es\/\">VII Festival Intercultural de Narraci\u00f3n Oral de Sevilla<\/a> (FINOS).<\/p>\n<p>Bajo el nombre<strong> \u201cEl cuento como herramienta pedag\u00f3gica y social\u201d<\/strong> y con la colaboraci\u00f3n del <a href=\"http:\/\/www.upo.es\/rectorado\/vicerrectorado\/part_social\/index.jsp\">Vicerrectorado de Cultura, Participaci\u00f3n y Compromiso Social<\/a> de la UPO, este taller de formaci\u00f3n ser\u00e1 impartido por <strong>Alicia Remesal<\/strong>, <strong>Sandra Cerezo<\/strong> y <strong>Jhon Ardilla<\/strong>, quienes hablar\u00e1n, respectivamente, sobre \u201cEl valor del cuento en la educaci\u00f3n. El cuento como herramienta pedag\u00f3gica\u201d, \u201cEl cuento como herramienta de intervenci\u00f3n social con colectivos vulnerables\u201d y \u201cNarraci\u00f3n oral comunitaria y esc\u00e9nica cr\u00edtica: los cuentos como resistencia de las v\u00edctimas de violaciones de los Derechos Humanos\u201d.<\/p>\n<p>El taller se celebrar\u00e1 en la Sala de Teatro de la UPO (Espacio Cultural Antigua Guarder\u00eda, edificio 42) los d\u00edas 14, 15 y 16 de octubre, en horario de 10 a 14 horas.<\/p>\n<p>M\u00e1s informaci\u00f3n: <a href=\"http:\/\/www.upo.es\/upsc\/extension_cultural\/formacion_artistica\/index.jsp\">Unidad de Promoci\u00f3n Social y Cultural<\/a> de la Universidad Pablo de Olavide.<\/p>\n<p>&nbsp;<\/p>\n<p>&nbsp;<\/p>\n<p align=\"center\"><b><span style=\"text-decoration: underline;\">PROGRAMA<\/span><\/b><\/p>\n<p align=\"center\"><b>Taller de Narraci\u00f3n Oral<\/b><\/p>\n<p align=\"center\"><b>14, 15 y 16 de octubre de 2014<\/b><\/p>\n<p align=\"center\"><b>10 a<\/b><b> 14 horas<\/b><\/p>\n<p align=\"center\"><b>Sala de Teatro de la UPO<\/b><\/p>\n<p><b>Martes 14 de octubre<\/b><\/p>\n<p>El valor del cuento en la educaci\u00f3n. El cuento como herramienta pedag\u00f3gica.<\/p>\n<p>Alicia Remesal.<\/p>\n<p><b>Mi\u00e9rcoles 15 de octubre <\/b><\/p>\n<p>El cuento como herramienta de intervenci\u00f3n social con colectivos vulnerables.<\/p>\n<p>Sandra Cerezo.<b>\u00a0<\/b><\/p>\n<p><b>Jueves 16 de octubre<\/b><\/p>\n<p>Narraci\u00f3n oral comunitaria y esc\u00e9nica cr\u00edtica: Los cuentos como resistencia de las v\u00edctimas de violaciones de los Derechos Humanos.<\/p>\n<p>Jhon Ardilla.<\/p>\n","protected":false},"excerpt":{"rendered":"<p>El pr\u00f3ximo martes 14 de octubre, a las 10 horas en la Sala de Teatro de la Universidad Pablo de Olavide, dar\u00e1 comienzo un Taller de Narraci\u00f3n Oral, que se enmarca en el VII Festival Intercultural de Narraci\u00f3n Oral de Sevilla (FINOS).<\/p>\n","protected":false},"author":9,"featured_media":0,"comment_status":"closed","ping_status":"open","sticky":false,"template":"","format":"standard","meta":{"_monsterinsights_skip_tracking":false,"_monsterinsights_sitenote_active":false,"_monsterinsights_sitenote_note":"","_monsterinsights_sitenote_category":0,"footnotes":""},"categories":[7],"tags":[401,1931,873,279],"class_list":["post-6140203","post","type-post","status-publish","format-standard","hentry","category-cultura","tag-literatura","tag-narracion-oral","tag-narrativa","tag-taller"],"_links":{"self":[{"href":"https:\/\/www.upo.es\/diario\/wp-json\/wp\/v2\/posts\/6140203","targetHints":{"allow":["GET"]}}],"collection":[{"href":"https:\/\/www.upo.es\/diario\/wp-json\/wp\/v2\/posts"}],"about":[{"href":"https:\/\/www.upo.es\/diario\/wp-json\/wp\/v2\/types\/post"}],"author":[{"embeddable":true,"href":"https:\/\/www.upo.es\/diario\/wp-json\/wp\/v2\/users\/9"}],"replies":[{"embeddable":true,"href":"https:\/\/www.upo.es\/diario\/wp-json\/wp\/v2\/comments?post=6140203"}],"version-history":[{"count":9,"href":"https:\/\/www.upo.es\/diario\/wp-json\/wp\/v2\/posts\/6140203\/revisions"}],"predecessor-version":[{"id":6220151,"href":"https:\/\/www.upo.es\/diario\/wp-json\/wp\/v2\/posts\/6140203\/revisions\/6220151"}],"wp:attachment":[{"href":"https:\/\/www.upo.es\/diario\/wp-json\/wp\/v2\/media?parent=6140203"}],"wp:term":[{"taxonomy":"category","embeddable":true,"href":"https:\/\/www.upo.es\/diario\/wp-json\/wp\/v2\/categories?post=6140203"},{"taxonomy":"post_tag","embeddable":true,"href":"https:\/\/www.upo.es\/diario\/wp-json\/wp\/v2\/tags?post=6140203"}],"curies":[{"name":"wp","href":"https:\/\/api.w.org\/{rel}","templated":true}]}}