{"id":6213417,"date":"2014-10-14T20:15:12","date_gmt":"2014-10-14T20:15:12","guid":{"rendered":"https:\/\/www.upo.es\/diario\/?p=6213417"},"modified":"2014-10-16T07:39:00","modified_gmt":"2014-10-16T07:39:00","slug":"el-rector-de-la-upo-y-el-vicepresidente-de-la-junta-inauguran-un-encuentro-sobre-la-ley-de-participacion-ciudadana","status":"publish","type":"post","link":"https:\/\/www.upo.es\/diario\/institucional\/2014\/10\/el-rector-de-la-upo-y-el-vicepresidente-de-la-junta-inauguran-un-encuentro-sobre-la-ley-de-participacion-ciudadana\/","title":{"rendered":"El rector de la UPO y el vicepresidente de la Junta inauguran un encuentro sobre la Ley de Participaci\u00f3n Ciudadana"},"content":{"rendered":"<figure id=\"attachment_6213418\" aria-describedby=\"caption-attachment-6213418\" style=\"width: 600px\" class=\"wp-caption aligncenter\"><a href=\"https:\/\/www.upo.es\/diario\/wp-content\/uploads\/2014\/10\/participa.jpg\"><img loading=\"lazy\" decoding=\"async\" class=\"size-large wp-image-6213418\" alt=\"Desde la izquierda: Elodia Hern\u00e1ndez, Daniel Gonz\u00e1lez, Diego Valderas, Vicente Guzm\u00e1n, Manuela Fern\u00e1ndez e Ismael S\u00e1nchez, responsable de la Oficina de la Vicepresidencia\" src=\"https:\/\/www.upo.es\/diario\/wp-content\/uploads\/2014\/10\/participa-600x400.jpg\" width=\"600\" height=\"400\" srcset=\"https:\/\/www.upo.es\/diario\/wp-content\/uploads\/2014\/10\/participa-600x400.jpg 600w, https:\/\/www.upo.es\/diario\/wp-content\/uploads\/2014\/10\/participa-320x213.jpg 320w\" sizes=\"auto, (max-width: 600px) 100vw, 600px\" \/><\/a><figcaption id=\"caption-attachment-6213418\" class=\"wp-caption-text\">Desde la izquierda: Elodia Hern\u00e1ndez, Daniel Gonz\u00e1lez, Diego Valderas, Vicente Guzm\u00e1n, Manuela Fern\u00e1ndez e Ismael S\u00e1nchez, responsable de la Oficina de la Vicepresidencia<\/figcaption><\/figure>\n<p>El rector de la Universidad Pablo de Olavide, Vicente Guzm\u00e1n, y el vicepresidente de la Junta y consejero de Administraci\u00f3n Local y Relaciones Institucionales, Diego Valderas, han inaugurado esta tarde en el sal\u00f3n de actos del Centro Andaluz de Biolog\u00eda del Desarrollo (CABD) un <strong>encuentro provincial sobre el Anteproyecto de la Ley de Participaci\u00f3n Ciudadana de Andaluc\u00eda<\/strong>, organizado por la Consejer\u00eda de Administraci\u00f3n Local y Relaciones Institucionales de la Junta de Andaluc\u00eda para favorecer el debate p\u00fablico de este anteproyecto. Al acto de inauguraci\u00f3n han asistido tambi\u00e9n la directora general de Derechos de la Ciudadan\u00eda, Participaci\u00f3n y Voluntariado, Manuela Fern\u00e1ndez, y el coordinador provincial de Derechos de la Ciudadan\u00eda, Participaci\u00f3n y Voluntariado de Sevilla, Daniel Gonz\u00e1lez Rojas.<\/p>\n<p><strong>Valderas ha asegurado que el objetivo del debate es \u201cdevolver a la sociedad el texto del anteproyecto y darle una nueva oportunidad de participar en la elaboraci\u00f3n de la futura ley\u201d<\/strong>, una norma que ha calificado de \u201cnovedosa\u201d. Por su parte, <strong>el rector de la UPO ha subrayado el compromiso de esta universidad con la pol\u00edtica de transparencia y participaci\u00f3n<\/strong>, pues \u201cel conocimiento de lo que una instituci\u00f3n hace facilita ser part\u00edcipes de dicha instituci\u00f3n\u201d. Guzm\u00e1n ha se\u00f1alado que \u201cen la UPO tenemos gobierno abierto, facilitando la transparencia y la participaci\u00f3n\u201d y ha puesto como ejemplo de ello que la UPO es la segunda universidad en transparencia seg\u00fan el Informe de 2013 de la Fundaci\u00f3n Compromiso y Transparencia, y la puesta en marcha del voto electr\u00f3nico que ha triplicado el \u00edndice de participaci\u00f3n en las elecciones a delegado general de Estudiantes de la Olavide.<\/p>\n<figure id=\"attachment_6213419\" aria-describedby=\"caption-attachment-6213419\" style=\"width: 320px\" class=\"wp-caption alignright\"><a href=\"https:\/\/www.upo.es\/diario\/wp-content\/uploads\/2014\/10\/participa1.jpg\"><img loading=\"lazy\" decoding=\"async\" class=\"size-medium wp-image-6213419\" alt=\"Manuela Fern\u00e1ndez, Vicente Guzm\u00e1n, Diego Valderas y Daniel Gonz\u00e1lez durante el Encuentro en el sal\u00f3n de actos del CABD\" src=\"https:\/\/www.upo.es\/diario\/wp-content\/uploads\/2014\/10\/participa1-320x213.jpg\" width=\"320\" height=\"213\" srcset=\"https:\/\/www.upo.es\/diario\/wp-content\/uploads\/2014\/10\/participa1-320x213.jpg 320w, https:\/\/www.upo.es\/diario\/wp-content\/uploads\/2014\/10\/participa1-600x399.jpg 600w\" sizes=\"auto, (max-width: 320px) 100vw, 320px\" \/><\/a><figcaption id=\"caption-attachment-6213419\" class=\"wp-caption-text\">Manuela Fern\u00e1ndez, Vicente Guzm\u00e1n, Diego Valderas y Daniel Gonz\u00e1lez durante el Encuentro en el sal\u00f3n de actos del CABD<\/figcaption><\/figure>\n<p>En este foro han intervenido organizaciones sociales, plataformas de voluntariado y ciudadanos que, divididos en grupos de trabajo, han deliberado, planteado propuestas o dudas, y discutido posibles soluciones. <strong>Los resultados se incorporar\u00e1n al anteproyecto siempre y cuando estos se presenten formalmente como alegaciones. El plazo est\u00e1 abierto hasta el pr\u00f3ximo 30 de octubre<\/strong>, que es cuando concluye el periodo de informaci\u00f3n p\u00fablica.<\/p>\n<p>La estructura de este encuentro ha consistido en una primera parte explicativa del anteproyecto, una segunda fase de profundizaci\u00f3n con talleres de debate y una puesta en com\u00fan.<\/p>\n<p>El Anteproyecto de la Ley Andaluza de Participaci\u00f3n Ciudadana, aprobado el pasado 29 de julio e impulsado desde la Consejer\u00eda de Administraci\u00f3n Local y Relaciones Institucionales, pretende dar respuesta a las reivindicaciones ciudadanas de mayor participaci\u00f3n en las decisiones pol\u00edticas, y cumplir as\u00ed con el objetivo reconocido en el Estatuto de Autonom\u00eda de promover la participaci\u00f3n de la ciudadan\u00eda en la elaboraci\u00f3n, prestaci\u00f3n y evaluaci\u00f3n de las pol\u00edticas p\u00fablicas.<\/p>\n","protected":false},"excerpt":{"rendered":"<p>Vicente Guzm\u00e1n y Diego Valderas han inaugurado en el sal\u00f3n de actos del Centro Andaluz de Biolog\u00eda del Desarrollo (CABD) un encuentro provincial sobre el Anteproyecto de la Ley de Participaci\u00f3n Ciudadana de Andaluc\u00eda, organizado por la Consejer\u00eda de Administraci\u00f3n Local y Relaciones Institucionales de la Junta de Andaluc\u00eda para favorecer el debate p\u00fablico de este anteproyecto. Valderas ha asegurado que el objetivo del debate es \u201cdevolver a la sociedad el texto del anteproyecto y darle una nueva oportunidad de participar en la elaboraci\u00f3n de la futura ley\u201d, una norma que ha calificado de \u201cnovedosa\u201d. <\/p>\n","protected":false},"author":6,"featured_media":0,"comment_status":"closed","ping_status":"open","sticky":false,"template":"","format":"standard","meta":{"_monsterinsights_skip_tracking":false,"_monsterinsights_sitenote_active":false,"_monsterinsights_sitenote_note":"","_monsterinsights_sitenote_category":0,"footnotes":""},"categories":[6],"tags":[190,43,662,821,203,461,98,38,161,1179,106,1021],"class_list":["post-6213417","post","type-post","status-publish","format-standard","hentry","category-institucional","tag-andalucia","tag-cabd","tag-debate","tag-encuentro","tag-junta-de-andalucia","tag-ley","tag-ley-andaluza-de-participacion-ciudadana","tag-rector","tag-sevilla","tag-transparencia","tag-vicente-c-guzman","tag-vicepresidencia"],"_links":{"self":[{"href":"https:\/\/www.upo.es\/diario\/wp-json\/wp\/v2\/posts\/6213417","targetHints":{"allow":["GET"]}}],"collection":[{"href":"https:\/\/www.upo.es\/diario\/wp-json\/wp\/v2\/posts"}],"about":[{"href":"https:\/\/www.upo.es\/diario\/wp-json\/wp\/v2\/types\/post"}],"author":[{"embeddable":true,"href":"https:\/\/www.upo.es\/diario\/wp-json\/wp\/v2\/users\/6"}],"replies":[{"embeddable":true,"href":"https:\/\/www.upo.es\/diario\/wp-json\/wp\/v2\/comments?post=6213417"}],"version-history":[{"count":3,"href":"https:\/\/www.upo.es\/diario\/wp-json\/wp\/v2\/posts\/6213417\/revisions"}],"predecessor-version":[{"id":6236282,"href":"https:\/\/www.upo.es\/diario\/wp-json\/wp\/v2\/posts\/6213417\/revisions\/6236282"}],"wp:attachment":[{"href":"https:\/\/www.upo.es\/diario\/wp-json\/wp\/v2\/media?parent=6213417"}],"wp:term":[{"taxonomy":"category","embeddable":true,"href":"https:\/\/www.upo.es\/diario\/wp-json\/wp\/v2\/categories?post=6213417"},{"taxonomy":"post_tag","embeddable":true,"href":"https:\/\/www.upo.es\/diario\/wp-json\/wp\/v2\/tags?post=6213417"}],"curies":[{"name":"wp","href":"https:\/\/api.w.org\/{rel}","templated":true}]}}