{"id":6222191,"date":"2014-10-15T10:18:34","date_gmt":"2014-10-15T10:18:34","guid":{"rendered":"https:\/\/www.upo.es\/diario\/?p=6222191"},"modified":"2014-10-16T12:09:36","modified_gmt":"2014-10-16T12:09:36","slug":"descubierta-una-piscina-romana-del-siglo-i-en-pleno-centro-historico-de-carmona","status":"publish","type":"post","link":"https:\/\/www.upo.es\/diario\/ciencia\/2014\/10\/descubierta-una-piscina-romana-del-siglo-i-en-pleno-centro-historico-de-carmona\/","title":{"rendered":"Descubierta una piscina romana del siglo I en pleno centro hist\u00f3rico de Carmona"},"content":{"rendered":"<figure id=\"attachment_6222192\" aria-describedby=\"caption-attachment-6222192\" style=\"width: 600px\" class=\"wp-caption aligncenter\"><a href=\"https:\/\/www.upo.es\/diario\/wp-content\/uploads\/2014\/10\/piscina-romana-Carmona.jpg\"><img loading=\"lazy\" decoding=\"async\" class=\"size-large wp-image-6222192\" alt=\"Arque\u00f3logos trabajan en la limpieza de los muros del conjunto\" src=\"https:\/\/www.upo.es\/diario\/wp-content\/uploads\/2014\/10\/piscina-romana-Carmona-600x399.jpg\" width=\"600\" height=\"399\" srcset=\"https:\/\/www.upo.es\/diario\/wp-content\/uploads\/2014\/10\/piscina-romana-Carmona-600x399.jpg 600w, https:\/\/www.upo.es\/diario\/wp-content\/uploads\/2014\/10\/piscina-romana-Carmona-320x213.jpg 320w\" sizes=\"auto, (max-width: 600px) 100vw, 600px\" \/><\/a><figcaption id=\"caption-attachment-6222192\" class=\"wp-caption-text\">Arque\u00f3logos trabajan en la limpieza de los muros del conjunto<\/figcaption><\/figure>\n<p>El servicio municipal de Arqueolog\u00eda del Ayuntamiento de Carmona ha realizado un nuevo hallazgo que pone en evidencia, una vez m\u00e1s, la riqueza hist\u00f3rica y patrimonial de la localidad. En este caso se trata de una piscina romana fechada en el siglo I d. C. que <strong>ha sido descubierta en las excavaciones arqueol\u00f3gicas que se est\u00e1n realizando en la Plaza de Juli\u00e1n Besteiro, situada en pleno centro hist\u00f3rico de la localidad<\/strong>.<\/p>\n<p>Los trabajos que se han venido haciendo recientemente durante el <strong>curso de verano \u201cArqueolog\u00eda de Campo\u201d<\/strong>, organizado por la sede de la Universidad Pablo de Olavide en Carmona \u00a0y el Ayuntamiento de localidad, a trav\u00e9s del Museo de la Ciudad, han tenido como fruto el hallazgo de nuevas construcciones romanas, que se suman a las descubiertas con antelaci\u00f3n en la plaza.<\/p>\n<p>Seg\u00fan el arque\u00f3logo municipal responsable de la excavaci\u00f3n, Juan Manuel Rom\u00e1n, <strong>se trata de una piscina de agua fr\u00eda para el ba\u00f1o, construida durante el siglo I d. C.<\/strong> y que cuenta con escalones para facilitar la entrada a la misma.<\/p>\n<p>La estructura mide 3,65 por 3,15 metros y tuvo una profundidad en su \u00faltima etapa de un metro, ya que originalmente fue algo m\u00e1s profunda. Aunque en \u00e9poca medieval la piscina fue en parte destruida por la excavaci\u00f3n de varias fosas y por la construcci\u00f3n de un pozo de agua, la mayor parte de la misma se encuentra en buenas condiciones de conservaci\u00f3n, especialmente su revestimiento de mortero hidr\u00e1ulico.<\/p>\n<p>Junto a la piscina principal se ha descubierto otra de menor tama\u00f1o, que tambi\u00e9n se encontraba en buen estado y estructuras, como muros y pavimentos de ladrillo, pertenecientes a la misma edificaci\u00f3n.<\/p>\n<p>El delegado municipal de Cultura, Turismo y Patrimonio de Carmona, Ram\u00f3n Gavira, ha destacado que se trata de una estructura singular ya que con anterioridad no se hab\u00eda descubierto en la ciudad ninguna de estas caracter\u00edsticas, lo que supone un nuevo hito para el legado arqueol\u00f3gico local.<\/p>\n<p>Durante la excavaci\u00f3n arqueol\u00f3gica, en otros sectores de la plaza, ya se hab\u00edan encontrado una serie de construcciones romanas, entre las que se inclu\u00edan numerosas conducciones de agua. La continuaci\u00f3n de las excavaciones en la zona ser\u00e1n clave para determinar si se trata de unas piscinas pertenecientes a unos ba\u00f1os o termas p\u00fablicas o bien a otro tipo de edificaci\u00f3n, como una casa de cierto porte.<\/p>\n<p>&nbsp;<\/p>\n","protected":false},"excerpt":{"rendered":"<p>El servicio municipal de Arqueolog\u00eda del Ayuntamiento de Carmona ha realizado un nuevo hallazgo que pone en evidencia, una vez m\u00e1s, la riqueza hist\u00f3rica y patrimonial de la localidad. En este caso se trata de una piscina romana fechada en el siglo I d. C. que ha sido descubierta en las excavaciones arqueol\u00f3gicas que se est\u00e1n realizando en la Plaza de Juli\u00e1n Besteiro, situada en pleno centro hist\u00f3rico de la localidad.<\/p>\n","protected":false},"author":6,"featured_media":0,"comment_status":"closed","ping_status":"open","sticky":false,"template":"","format":"standard","meta":{"_monsterinsights_skip_tracking":false,"_monsterinsights_sitenote_active":false,"_monsterinsights_sitenote_note":"","_monsterinsights_sitenote_category":0,"footnotes":""},"categories":[3],"tags":[460,128,23,22,904,519],"class_list":["post-6222191","post","type-post","status-publish","format-standard","hentry","category-ciencia","tag-antigua-roma","tag-arqueologia","tag-carmona","tag-cursos-de-verano","tag-descubrimiento","tag-olavide-en-carmona"],"_links":{"self":[{"href":"https:\/\/www.upo.es\/diario\/wp-json\/wp\/v2\/posts\/6222191","targetHints":{"allow":["GET"]}}],"collection":[{"href":"https:\/\/www.upo.es\/diario\/wp-json\/wp\/v2\/posts"}],"about":[{"href":"https:\/\/www.upo.es\/diario\/wp-json\/wp\/v2\/types\/post"}],"author":[{"embeddable":true,"href":"https:\/\/www.upo.es\/diario\/wp-json\/wp\/v2\/users\/6"}],"replies":[{"embeddable":true,"href":"https:\/\/www.upo.es\/diario\/wp-json\/wp\/v2\/comments?post=6222191"}],"version-history":[{"count":3,"href":"https:\/\/www.upo.es\/diario\/wp-json\/wp\/v2\/posts\/6222191\/revisions"}],"predecessor-version":[{"id":6240351,"href":"https:\/\/www.upo.es\/diario\/wp-json\/wp\/v2\/posts\/6222191\/revisions\/6240351"}],"wp:attachment":[{"href":"https:\/\/www.upo.es\/diario\/wp-json\/wp\/v2\/media?parent=6222191"}],"wp:term":[{"taxonomy":"category","embeddable":true,"href":"https:\/\/www.upo.es\/diario\/wp-json\/wp\/v2\/categories?post=6222191"},{"taxonomy":"post_tag","embeddable":true,"href":"https:\/\/www.upo.es\/diario\/wp-json\/wp\/v2\/tags?post=6222191"}],"curies":[{"name":"wp","href":"https:\/\/api.w.org\/{rel}","templated":true}]}}