{"id":6240356,"date":"2014-10-16T12:44:41","date_gmt":"2014-10-16T12:44:41","guid":{"rendered":"https:\/\/www.upo.es\/diario\/?p=6240356"},"modified":"2014-10-16T12:44:41","modified_gmt":"2014-10-16T12:44:41","slug":"abierta-la-convocatoria-para-redefinir-el-mural-de-la-antigua-guarderia-de-la-upo","status":"publish","type":"post","link":"https:\/\/www.upo.es\/diario\/infoupo\/2014\/10\/abierta-la-convocatoria-para-redefinir-el-mural-de-la-antigua-guarderia-de-la-upo\/","title":{"rendered":"Abierta la convocatoria para redefinir el mural de la Antigua Guarder\u00eda de la UPO"},"content":{"rendered":"<p><a href=\"https:\/\/www.upo.es\/diario\/wp-content\/uploads\/2014\/10\/P1010008.jpg\"><img loading=\"lazy\" decoding=\"async\" class=\"alignright size-medium wp-image-6241037\" alt=\"P1010008\" src=\"https:\/\/www.upo.es\/diario\/wp-content\/uploads\/2014\/10\/P1010008-320x240.jpg\" width=\"320\" height=\"240\" srcset=\"https:\/\/www.upo.es\/diario\/wp-content\/uploads\/2014\/10\/P1010008-320x240.jpg 320w, https:\/\/www.upo.es\/diario\/wp-content\/uploads\/2014\/10\/P1010008-600x450.jpg 600w, https:\/\/www.upo.es\/diario\/wp-content\/uploads\/2014\/10\/P1010008.jpg 2048w\" sizes=\"auto, (max-width: 320px) 100vw, 320px\" \/><\/a>Hasta el viernes 31 de octubre se encuentra abierto el plazo de presentaci\u00f3n de proyectos para redefinir el mural de la Antigua Guarder\u00eda, actualmente un espacio cultural de la Universidad Pablo de Olavide. As\u00ed, el Vicerrectorado de Estudiantes, Cultura y Compromiso Social, a trav\u00e9s del Servicio de Extensi\u00f3n Cultural de la Unidad de Cultura y Participaci\u00f3n Social, invita a la comunidad universitaria y a la sociedad en general, especialmente a grupos de artistas pl\u00e1sticos, a participar en esta convocatoria, bajo el nombre \u201cSi las paredes hablaran\u2026\u201d.<\/p>\n<p>El proyecto ganador ser\u00e1 publicado a trav\u00e9s de todos los soportes de comunicaci\u00f3n y publicidad con los que cuenta el Servicio de Extensi\u00f3n Cultural de la Unidad de Cultura y Participaci\u00f3n Social de la UPO, y su ejecuci\u00f3n tendr\u00e1 lugar durante la semana del 24 al 28 de noviembre, en horario de ma\u00f1ana y tarde.<\/p>\n<p>Adem\u00e1s la Universidad Pablo de Olavide, a trav\u00e9s del Vicerrectorado de Estudiantes, Cultura y Compromiso Social, ofrece una ayuda por valor de hasta 2.000 \u20ac, en concepto de premio, materiales y apoyo a la realizaci\u00f3n del proyecto ganador.<\/p>\n<p>La convocatoria es posible gracias al apoyo del Proyecto Atalaya, el cual centra su atenci\u00f3n en el trabajo que en materia cultural realizan las universidades p\u00fablicas andaluzas.<\/p>\n<p>Bases de la convocatoria \u201c<a href=\"http:\/\/www.upo.es\/upsc\/export\/sites\/upsc\/Documentos\/extension\/Documentos\/CONVOCATORIA_MURAL_PARTICIPATIVO.pdf\">Si las paredes hablaran&#8230;<\/a>\u201d y <a href=\"http:\/\/www.upo.es\/upsc\/export\/sites\/upsc\/Documentos\/extension\/Documentos\/Superficie_pintura.pdf\">plano del edificio<\/a> (los muros a pintar son los numerados como 1 y 2)<b>.<\/b><\/p>\n","protected":false},"excerpt":{"rendered":"<p>Hasta el viernes 31 de octubre se encuentra abierto el plazo de presentaci\u00f3n de proyectos para redefinir el mural de la Antigua Guarder\u00eda, actualmente un espacio cultural de la Universidad Pablo de Olavide.<\/p>\n","protected":false},"author":8,"featured_media":0,"comment_status":"closed","ping_status":"open","sticky":false,"template":"","format":"standard","meta":{"_monsterinsights_skip_tracking":false,"_monsterinsights_sitenote_active":false,"_monsterinsights_sitenote_note":"","_monsterinsights_sitenote_category":0,"footnotes":""},"categories":[5],"tags":[1961,1960,1959,1292,94,1962],"class_list":["post-6240356","post","type-post","status-publish","format-standard","hentry","category-infoupo","tag-convocatoria","tag-ecag","tag-espacio-cultural","tag-mural","tag-proyecto-atalaya","tag-si-las-paredes-hablaran"],"_links":{"self":[{"href":"https:\/\/www.upo.es\/diario\/wp-json\/wp\/v2\/posts\/6240356","targetHints":{"allow":["GET"]}}],"collection":[{"href":"https:\/\/www.upo.es\/diario\/wp-json\/wp\/v2\/posts"}],"about":[{"href":"https:\/\/www.upo.es\/diario\/wp-json\/wp\/v2\/types\/post"}],"author":[{"embeddable":true,"href":"https:\/\/www.upo.es\/diario\/wp-json\/wp\/v2\/users\/8"}],"replies":[{"embeddable":true,"href":"https:\/\/www.upo.es\/diario\/wp-json\/wp\/v2\/comments?post=6240356"}],"version-history":[{"count":3,"href":"https:\/\/www.upo.es\/diario\/wp-json\/wp\/v2\/posts\/6240356\/revisions"}],"predecessor-version":[{"id":6241040,"href":"https:\/\/www.upo.es\/diario\/wp-json\/wp\/v2\/posts\/6240356\/revisions\/6241040"}],"wp:attachment":[{"href":"https:\/\/www.upo.es\/diario\/wp-json\/wp\/v2\/media?parent=6240356"}],"wp:term":[{"taxonomy":"category","embeddable":true,"href":"https:\/\/www.upo.es\/diario\/wp-json\/wp\/v2\/categories?post=6240356"},{"taxonomy":"post_tag","embeddable":true,"href":"https:\/\/www.upo.es\/diario\/wp-json\/wp\/v2\/tags?post=6240356"}],"curies":[{"name":"wp","href":"https:\/\/api.w.org\/{rel}","templated":true}]}}