{"id":626850,"date":"2013-02-27T12:32:33","date_gmt":"2013-02-27T12:32:33","guid":{"rendered":"https:\/\/www.upo.es\/diario\/?p=626850"},"modified":"2013-02-27T12:34:53","modified_gmt":"2013-02-27T12:34:53","slug":"encuentro-entre-el-director-gerente-de-emvisesa-y-el-rector-de-la-universidad-pablo-de-olavide","status":"publish","type":"post","link":"https:\/\/www.upo.es\/diario\/institucional\/2013\/02\/encuentro-entre-el-director-gerente-de-emvisesa-y-el-rector-de-la-universidad-pablo-de-olavide\/","title":{"rendered":"Encuentro entre el director gerente de EMVISESA y el rector de la Universidad Pablo de Olavide"},"content":{"rendered":"<figure id=\"attachment_626851\" aria-describedby=\"caption-attachment-626851\" style=\"width: 320px\" class=\"wp-caption alignright\"><a href=\"https:\/\/www.upo.es\/diario\/wp-content\/uploads\/2013\/02\/visitaemvisesa.jpg\"><img loading=\"lazy\" decoding=\"async\" class=\"size-medium wp-image-626851\" alt=\"En al imagen, de izquierda a derecha, Jos\u00e9 Manuel Feria Dom\u00ednguez, Pilar Rodr\u00edguez Reina, Alejandro Rodr\u00edguez, Miguel Contreras Manrique y el rector Vicente Guzm\u00e1n Fluja.\" src=\"https:\/\/www.upo.es\/diario\/wp-content\/uploads\/2013\/02\/visitaemvisesa-320x213.jpg\" width=\"320\" height=\"213\" srcset=\"https:\/\/www.upo.es\/diario\/wp-content\/uploads\/2013\/02\/visitaemvisesa-320x213.jpg 320w, https:\/\/www.upo.es\/diario\/wp-content\/uploads\/2013\/02\/visitaemvisesa-1024x682.jpg 1024w, https:\/\/www.upo.es\/diario\/wp-content\/uploads\/2013\/02\/visitaemvisesa-600x400.jpg 600w\" sizes=\"auto, (max-width: 320px) 100vw, 320px\" \/><\/a><figcaption id=\"caption-attachment-626851\" class=\"wp-caption-text\">En la imagen, de izquierda a derecha, Jos\u00e9 Manuel Feria Dom\u00ednguez, Pilar Rodr\u00edguez Reina, Alejandro Rodr\u00edguez, Miguel Contreras Manrique y el rector Vicente Guzm\u00e1n Fluja.<\/figcaption><\/figure>\n<p>El director gerente de la Empresa Municipal de Vivienda, Suelo y Equipamiento de Sevilla (EMVISESA), Miguel Contreras Manrique, ha visitado esta ma\u00f1ana la Universidad Pablo de Olavide, donde ha mantenido un encuentro institucional con su rector, Vicente Guzm\u00e1n Fluja.<\/p>\n<p>El director gerente de EMVISESA y el rector han estado acompa\u00f1ados por Pilar Rodr\u00edguez Reina, vicerrectora de Internacionalizaci\u00f3n y Comunicaci\u00f3n; Jos\u00e9 Manuel Feria Dom\u00ednguez, director general de Estrategia e Innovaci\u00f3n de la UPO, y Alejandro Rodr\u00edguez, gestor financiero del Departamento Econ\u00f3mico de EMVISESA.<\/p>\n<p>En esta primera visita institucional los representantes de ambas entidades han abordado la posibilidad de establecer una alianza estrat\u00e9gica entre ambas instituciones que pueda materializarse en proyectos colaborativos.<\/p>\n","protected":false},"excerpt":{"rendered":"<p>El director gerente de la Empresa Municipal de Vivienda, Suelo y Equipamiento de Sevilla (EMVISESA), Miguel Contreras Manrique, ha visitado esta ma\u00f1ana la Universidad Pablo de Olavide, donde ha mantenido un encuentro institucional con su rector, Vicente Guzm\u00e1n Fluja.<\/p>\n","protected":false},"author":2,"featured_media":0,"comment_status":"closed","ping_status":"open","sticky":false,"template":"","format":"standard","meta":{"_monsterinsights_skip_tracking":false,"_monsterinsights_sitenote_active":false,"_monsterinsights_sitenote_note":"","_monsterinsights_sitenote_category":0,"footnotes":""},"categories":[6],"tags":[297],"class_list":["post-626850","post","type-post","status-publish","format-standard","hentry","category-institucional","tag-visita"],"_links":{"self":[{"href":"https:\/\/www.upo.es\/diario\/wp-json\/wp\/v2\/posts\/626850","targetHints":{"allow":["GET"]}}],"collection":[{"href":"https:\/\/www.upo.es\/diario\/wp-json\/wp\/v2\/posts"}],"about":[{"href":"https:\/\/www.upo.es\/diario\/wp-json\/wp\/v2\/types\/post"}],"author":[{"embeddable":true,"href":"https:\/\/www.upo.es\/diario\/wp-json\/wp\/v2\/users\/2"}],"replies":[{"embeddable":true,"href":"https:\/\/www.upo.es\/diario\/wp-json\/wp\/v2\/comments?post=626850"}],"version-history":[{"count":3,"href":"https:\/\/www.upo.es\/diario\/wp-json\/wp\/v2\/posts\/626850\/revisions"}],"predecessor-version":[{"id":626853,"href":"https:\/\/www.upo.es\/diario\/wp-json\/wp\/v2\/posts\/626850\/revisions\/626853"}],"wp:attachment":[{"href":"https:\/\/www.upo.es\/diario\/wp-json\/wp\/v2\/media?parent=626850"}],"wp:term":[{"taxonomy":"category","embeddable":true,"href":"https:\/\/www.upo.es\/diario\/wp-json\/wp\/v2\/categories?post=626850"},{"taxonomy":"post_tag","embeddable":true,"href":"https:\/\/www.upo.es\/diario\/wp-json\/wp\/v2\/tags?post=626850"}],"curies":[{"name":"wp","href":"https:\/\/api.w.org\/{rel}","templated":true}]}}