{"id":6307551,"date":"2014-10-20T12:29:12","date_gmt":"2014-10-20T12:29:12","guid":{"rendered":"https:\/\/www.upo.es\/diario\/?p=6307551"},"modified":"2014-10-21T07:27:19","modified_gmt":"2014-10-21T07:27:19","slug":"la-upo-acoge-la-ii-edicion-de-las-jornadas-de-formacion-en-grandes-catastrofes-organizadas-por-cep-2","status":"publish","type":"post","link":"https:\/\/www.upo.es\/diario\/institucional\/2014\/10\/la-upo-acoge-la-ii-edicion-de-las-jornadas-de-formacion-en-grandes-catastrofes-organizadas-por-cep-2\/","title":{"rendered":"La UPO acoge la II edici\u00f3n de las jornadas de Formaci\u00f3n en Grandes Cat\u00e1strofes organizadas por CEP"},"content":{"rendered":"<figure id=\"attachment_6307554\" aria-describedby=\"caption-attachment-6307554\" style=\"width: 320px\" class=\"wp-caption alignright\"><a href=\"https:\/\/www.upo.es\/diario\/wp-content\/uploads\/2014\/10\/formacion_catastrofes1.jpg\"><img loading=\"lazy\" decoding=\"async\" class=\"size-medium wp-image-6307554\" alt=\"De izquierda a derecha: Domingo Corchado y Gasc\u00f3n, Amalia G\u00f3mez G\u00f3mez, Vicente Guzm\u00e1n Fluja, Francisco Jos\u00e9 Perea Bartolom\u00e9 y \u00c1ngel Reina Vera\" src=\"https:\/\/www.upo.es\/diario\/wp-content\/uploads\/2014\/10\/formacion_catastrofes1-320x213.jpg\" width=\"320\" height=\"213\" srcset=\"https:\/\/www.upo.es\/diario\/wp-content\/uploads\/2014\/10\/formacion_catastrofes1-320x213.jpg 320w, https:\/\/www.upo.es\/diario\/wp-content\/uploads\/2014\/10\/formacion_catastrofes1-600x399.jpg 600w\" sizes=\"auto, (max-width: 320px) 100vw, 320px\" \/><\/a><figcaption id=\"caption-attachment-6307554\" class=\"wp-caption-text\">De izquierda a derecha: Domingo Corchado y Gasc\u00f3n, Amalia G\u00f3mez G\u00f3mez, Vicente Guzm\u00e1n Fluja, Francisco Jos\u00e9 Perea Bartolom\u00e9 y \u00c1ngel Reina Vera<\/figcaption><\/figure>\n<p>Esta ma\u00f1ana ha tenido lugar en la Universidad Pablo de Olavide la inauguraci\u00f3n de la <strong>segunda edici\u00f3n de las jornadas de Formaci\u00f3n en Grandes Cat\u00e1strofes<\/strong>, un acto que ha estado presidido por el rector Vicente Guzm\u00e1n, la presidenta provincial de Cruz Roja Sevilla, Amalia G\u00f3mez, el gerente de \u00e1rea de Seguridad y Protecci\u00f3n Civil de Renfe Operadora, Domingo Corchado y Gasc\u00f3n, el jefe Superior del Cuerpo Nacional de Polic\u00eda de Andaluc\u00eda Occidental, Francisco Perea Bartolom\u00e9, y el secretario provincial de la Confederaci\u00f3n Espa\u00f1ola de Polic\u00eda (CEP), Angel Reina Vera.<\/p>\n<p>Durante los<strong> d\u00edas 20, 21, 22 y 23 de octubre<\/strong>, el Comit\u00e9 Provincial de Sevilla de la Confederaci\u00f3n Espa\u00f1ola de Polic\u00eda, en colaboraci\u00f3n con Cruz Roja Espa\u00f1ola de Sevilla, la Universidad Pablo de Olavide y Renfe, desarrollan una formaci\u00f3n para doscientas personas basada en la actuaci\u00f3n en grandes cat\u00e1strofes.<\/p>\n<p>La Confederaci\u00f3n Espa\u00f1ola de Polic\u00eda celebr\u00f3 el pasado a\u00f1o su primera edici\u00f3n de las jornadas de Formaci\u00f3n en Grandes Cat\u00e1strofes, bas\u00e1ndola en la actuaci\u00f3n policial en un terremoto. En esta ocasi\u00f3n se basan en modelos de actuaciones a desarrollar en trenes. Para ello, en esta ocasi\u00f3n,\u00a0 cuentan con el apoyo y colaboraci\u00f3n de tres entidades de peso, donde cada una desarrolla una formaci\u00f3n espec\u00edfica en sus \u00e1reas de trabajo.<\/p>\n<p><a href=\"https:\/\/www.upo.es\/diario\/wp-content\/uploads\/2014\/10\/formacion_catastrofes.jpg\"><img loading=\"lazy\" decoding=\"async\" class=\"alignright size-medium wp-image-6307557\" alt=\"formacion_catastrofes\" src=\"https:\/\/www.upo.es\/diario\/wp-content\/uploads\/2014\/10\/formacion_catastrofes-320x213.jpg\" width=\"320\" height=\"213\" srcset=\"https:\/\/www.upo.es\/diario\/wp-content\/uploads\/2014\/10\/formacion_catastrofes-320x213.jpg 320w, https:\/\/www.upo.es\/diario\/wp-content\/uploads\/2014\/10\/formacion_catastrofes-600x400.jpg 600w\" sizes=\"auto, (max-width: 320px) 100vw, 320px\" \/><\/a>Renfe muestra en estas jornadas c\u00f3mo trabajan internamente este tipo de actuaciones y c\u00f3mo podemos aprovechar los recursos de seguridad que disponen los distintos trenes, adem\u00e1s de facilitar distintas zonas de pr\u00e1cticas y diversos trenes para que los asistentes al curso puedan asimilar las pr\u00e1cticas de la manera m\u00e1s real posible.<\/p>\n<p>Cruz Roja Espa\u00f1ola en Sevilla, dentro de su plan de formaci\u00f3n en materia sociosanitaria, desarrolla la formaci\u00f3n te\u00f3rico-pr\u00e1ctica sobre soporte vital b\u00e1sico. Dicho itinerario formativo ha sido realizado por los polic\u00edas de la CEP.<\/p>\n<p>La Universidad Pablo de Olavide, a trav\u00e9s de la Oficina de Voluntariado y Solidaridad dependiente del Vicerrectorado de Estudiantes, Cultura y Compromiso Social, realiza por su parte todo el apoyo t\u00e9cnico para el desarrollo de esta actividad y acoge en sus instalaciones a los doscientos participantes del curso. Adem\u00e1s, profesores de esta universidad har\u00e1n una exposici\u00f3n sobre la repercusi\u00f3n psicol\u00f3gica que hechos de esta \u00edndole tienen en heridos, actuantes y sus familiares, adem\u00e1s de c\u00f3mo evoluciona en el tiempo.<\/p>\n<p>Esta formaci\u00f3n est\u00e1 dirigida a personal de Renfe y Cruz Roja Espa\u00f1ola Sevilla, alumnos de la Universidad Pablo de Olavide, y para polic\u00edas de todas las categor\u00edas y destinos afiliados a CEP.<\/p>\n<p>Resaltar el compromiso altruista de estas cuatro entidades, con un fin claro: La colaboraci\u00f3n entre personal profesional de emergencias y el ciudadano de a pie, que frente a una gran cat\u00e1strofe tienen que unirse, colaborar y luchar por la vida de aquellas personas afectadas.<\/p>\n","protected":false},"excerpt":{"rendered":"<p>Durante los d\u00edas 20, 21, 22 y 23 de octubre, el Comit\u00e9 Provincial de Sevilla de la Confederaci\u00f3n Espa\u00f1ola de Polic\u00eda, en colaboraci\u00f3n con Cruz Roja Espa\u00f1ola de Sevilla, la Universidad Pablo de Olavide y Renfe, desarrollan una formaci\u00f3n para doscientas personas basada en la actuaci\u00f3n en grandes cat\u00e1strofes.<\/p>\n","protected":false},"author":8,"featured_media":0,"comment_status":"closed","ping_status":"open","sticky":false,"template":"","format":"standard","meta":{"_monsterinsights_skip_tracking":false,"_monsterinsights_sitenote_active":false,"_monsterinsights_sitenote_note":"","_monsterinsights_sitenote_category":0,"footnotes":""},"categories":[6],"tags":[1979,1090,1978,84,1340],"class_list":["post-6307551","post","type-post","status-publish","format-standard","hentry","category-institucional","tag-cep","tag-cruz-roja","tag-formacion-en-grandes-catastrofes","tag-jornadas","tag-vicente-guzman"],"_links":{"self":[{"href":"https:\/\/www.upo.es\/diario\/wp-json\/wp\/v2\/posts\/6307551","targetHints":{"allow":["GET"]}}],"collection":[{"href":"https:\/\/www.upo.es\/diario\/wp-json\/wp\/v2\/posts"}],"about":[{"href":"https:\/\/www.upo.es\/diario\/wp-json\/wp\/v2\/types\/post"}],"author":[{"embeddable":true,"href":"https:\/\/www.upo.es\/diario\/wp-json\/wp\/v2\/users\/8"}],"replies":[{"embeddable":true,"href":"https:\/\/www.upo.es\/diario\/wp-json\/wp\/v2\/comments?post=6307551"}],"version-history":[{"count":8,"href":"https:\/\/www.upo.es\/diario\/wp-json\/wp\/v2\/posts\/6307551\/revisions"}],"predecessor-version":[{"id":6320475,"href":"https:\/\/www.upo.es\/diario\/wp-json\/wp\/v2\/posts\/6307551\/revisions\/6320475"}],"wp:attachment":[{"href":"https:\/\/www.upo.es\/diario\/wp-json\/wp\/v2\/media?parent=6307551"}],"wp:term":[{"taxonomy":"category","embeddable":true,"href":"https:\/\/www.upo.es\/diario\/wp-json\/wp\/v2\/categories?post=6307551"},{"taxonomy":"post_tag","embeddable":true,"href":"https:\/\/www.upo.es\/diario\/wp-json\/wp\/v2\/tags?post=6307551"}],"curies":[{"name":"wp","href":"https:\/\/api.w.org\/{rel}","templated":true}]}}