{"id":6321843,"date":"2014-10-21T00:37:07","date_gmt":"2014-10-21T00:37:07","guid":{"rendered":"https:\/\/www.upo.es\/diario\/?p=6321843"},"modified":"2014-10-23T07:45:29","modified_gmt":"2014-10-23T07:45:29","slug":"el-seff-habilitara-manana-miercoles-en-la-upo-un-punto-de-venta-de-abonos-para-estudiantes","status":"publish","type":"post","link":"https:\/\/www.upo.es\/diario\/cultura\/2014\/10\/el-seff-habilitara-manana-miercoles-en-la-upo-un-punto-de-venta-de-abonos-para-estudiantes\/","title":{"rendered":"El SEFF habilitar\u00e1 ma\u00f1ana mi\u00e9rcoles en la UPO un punto de venta de abonos para estudiantes"},"content":{"rendered":"<p><a href=\"https:\/\/www.upo.es\/diario\/wp-content\/uploads\/2014\/10\/cartel-SEFF14.jpg\"><img loading=\"lazy\" decoding=\"async\" class=\"alignright size-medium wp-image-6237649\" alt=\"cartel-SEFF14\" src=\"https:\/\/www.upo.es\/diario\/wp-content\/uploads\/2014\/10\/cartel-SEFF14-226x320.jpg\" width=\"226\" height=\"320\" srcset=\"https:\/\/www.upo.es\/diario\/wp-content\/uploads\/2014\/10\/cartel-SEFF14-226x320.jpg 226w, https:\/\/www.upo.es\/diario\/wp-content\/uploads\/2014\/10\/cartel-SEFF14-424x600.jpg 424w, https:\/\/www.upo.es\/diario\/wp-content\/uploads\/2014\/10\/cartel-SEFF14-600x848.jpg 600w, https:\/\/www.upo.es\/diario\/wp-content\/uploads\/2014\/10\/cartel-SEFF14.jpg 1061w\" sizes=\"auto, (max-width: 226px) 100vw, 226px\" \/><\/a>Ma\u00f1ana mi\u00e9rcoles 22 de octubre, en horario de 10 a 14.30 horas y de 16 a 20.30 horas en la Universidad Pablo de Olavide, \u00a0el <a href=\"http:\/\/www.festivalcinesevilla.eu\/\">Festival de Cine Europeo de Sevilla<\/a> pondr\u00e1 a la venta un abono dirigido a los estudiantes que les permitir\u00e1 disfrutar de 15 pel\u00edculas por tan s\u00f3lo 20 euros. Por primera vez este a\u00f1o, el SEFF facilitar\u00e1 a estos j\u00f3venes la compra de sus abonos al ubicar expositores de venta en esta joven universidad p\u00fablica sevillana.<\/p>\n<p>Este abono, que se podr\u00e1 pagar en efectivo o con tarjeta de cr\u00e9dito, habr\u00e1 que canjearlo posteriormente en taquilla por entradas (una por sesi\u00f3n), siempre acompa\u00f1ado de la matriz y mostrando el carnet de estudiante. El canje se podr\u00e1 realizar en los Cines Sur-Nervi\u00f3n por entradas para cualquiera de las sedes del festival. En los teatros Lope de Vega y Alameda, s\u00f3lo se podr\u00e1n retirar entradas para las pel\u00edculas proyectadas en el propio teatro.<\/p>\n<p>Del 30 de octubre hasta el 6 de noviembre, se podr\u00e1 canjear el abono por entradas para todas las sesiones programadas, pero durante el festival, que se celebrar\u00e1 del 7 al 15 de noviembre, s\u00f3lo se podr\u00e1n retirar entradas para el d\u00eda siguiente y para el d\u00eda en curso hasta 30 minutos antes de la proyecci\u00f3n. Para acceder a los pases de prensa, el responsable de la sala le retirar\u00e1 una entrada del abono (no es necesario canjear previamente su abono por entradas en las taquillas), si bien tendr\u00e1 preferencia la prensa acreditada. El abono no podr\u00e1 canjearse por entradas a la gala inaugural, la gala de clausura ni otros eventos especiales. El Festival no se hace cargo de la p\u00e9rdida o robo de los abonos y su canjeo queda sujeto al aforo de las salas.<\/p>\n<p>A los abonados se les solicitar\u00e1 el carnet de estudiante vigente del curso 2014\/2015 o, en caso de no poseerlo, el comprobante y\/o carta de pago de la matr\u00edcula del curso 2014\/2015.<\/p>\n<p>De este abono se pueden beneficiar todos aquellos estudiantes de la Universidad Pablo Olavide, la Universidad de Sevilla, de la Escuela Oficial de Idiomas y de estudios superiores, como el Conservatorio Superior de M\u00fasica, de Arte Dram\u00e1tico, los grados superiores de Imagen y Sonido o los centros de ense\u00f1anza deportiva superior.<\/p>\n<p>Por ello se vender\u00e1n tambi\u00e9n los abonos para estudiantes hoy martes 21 de octubre en el Rectorado de la Universidad de Sevilla, de 10 a 14.30 horas y de 17 a 20.30 horas; en la Facultad de Comunicaci\u00f3n de la Hispalense ma\u00f1ana mi\u00e9rcoles 23 de octubre y en la Facultad de Bellas Artes el viernes 24 de octubre. Asimismo, podr\u00e1n adquirirse en el Teatro Alameda los d\u00edas 27, 28 y 29 de octubre, en horario de 10 a 14.30 horas y de 17 a 21 horas.<\/p>\n<p>&nbsp;<\/p>\n<p><b>Bonob\u00fas Tussam<\/b><\/p>\n<p>Conjuntamente con el abono de estudiante y el abono general (que permite ver 8 pel\u00edculas por 20 euros), el SEFF ofrece la posibilidad de comprar un bonob\u00fas de 16 viajes por 5 euros, lo que supone un descuento superior al 50% respecto al precio habitual. Este abono es s\u00f3lo para l\u00edneas regulares TUSSAM y durante las fechas del festival. Cada viaje permite un transbordo y s\u00f3lo se puede pagar en efectivo.<\/p>\n<p>&nbsp;<\/p>\n<p><b>Europa Junior<\/b><\/p>\n<p>Por otro lado, el SEFF y Filmin, considerada la plataforma digital con la mejor selecci\u00f3n de t\u00edtulos de cine independiente, cl\u00e1sicos y series al instante en calidad DVD, han puesto un a\u00f1o m\u00e1s a disposici\u00f3n de los estudiantes que participan en el ciclo Europa Junior una selecci\u00f3n de 5 t\u00edtulos europeos de su cat\u00e1logo. Hasta 5.000 c\u00f3digos de acceso de manera gratuita se repartir\u00e1n a trav\u00e9s del formulario que Europa Junior ha hecho llegar a los centros educativos de la ciudad.<\/p>\n<p>Los t\u00edtulos destinados a alumnos mayores de 14 a\u00f1os son <i>Un amour de jeunesse<\/i>, de Mia Hansen Love; <i>Welcome<\/i>, de Philippe Lioret; <i>La clase<\/i>, de Laurent Cantet; <i>Submarine<\/i>, de Richard Ayoade; y <i>C.R.A.Z.Y.<\/i>, de Jean-Marc Vall\u00e9e.<\/p>\n","protected":false},"excerpt":{"rendered":"<p>Ma\u00f1ana mi\u00e9rcoles 22 de octubre, en horario de 10 a 14.30 horas y de 16 a 20.30 horas en la Universidad Pablo de Olavide,  el Festival de Cine Europeo de Sevilla pondr\u00e1 a la venta un abono dirigido a los estudiantes que les permitir\u00e1 disfrutar de 15 pel\u00edculas por tan s\u00f3lo 20 euros. Del 30 de octubre hasta el 6 de noviembre, se podr\u00e1 canjear el abono por entradas para todas las sesiones programadas, pero durante el festival, que se celebrar\u00e1 del 7 al 15 de noviembre, s\u00f3lo se podr\u00e1n retirar entradas para el d\u00eda siguiente y para el d\u00eda en curso hasta 30 minutos antes de la proyecci\u00f3n.<\/p>\n","protected":false},"author":8,"featured_media":0,"comment_status":"closed","ping_status":"open","sticky":false,"template":"","format":"standard","meta":{"_monsterinsights_skip_tracking":false,"_monsterinsights_sitenote_active":false,"_monsterinsights_sitenote_note":"","_monsterinsights_sitenote_category":0,"footnotes":""},"categories":[7],"tags":[1954,1955,1980,1952],"class_list":["post-6321843","post","type-post","status-publish","format-standard","hentry","category-cultura","tag-bonobus-tussam","tag-europa-junior","tag-festival-de-cine-europeo","tag-seff"],"_links":{"self":[{"href":"https:\/\/www.upo.es\/diario\/wp-json\/wp\/v2\/posts\/6321843","targetHints":{"allow":["GET"]}}],"collection":[{"href":"https:\/\/www.upo.es\/diario\/wp-json\/wp\/v2\/posts"}],"about":[{"href":"https:\/\/www.upo.es\/diario\/wp-json\/wp\/v2\/types\/post"}],"author":[{"embeddable":true,"href":"https:\/\/www.upo.es\/diario\/wp-json\/wp\/v2\/users\/8"}],"replies":[{"embeddable":true,"href":"https:\/\/www.upo.es\/diario\/wp-json\/wp\/v2\/comments?post=6321843"}],"version-history":[{"count":10,"href":"https:\/\/www.upo.es\/diario\/wp-json\/wp\/v2\/posts\/6321843\/revisions"}],"predecessor-version":[{"id":6356756,"href":"https:\/\/www.upo.es\/diario\/wp-json\/wp\/v2\/posts\/6321843\/revisions\/6356756"}],"wp:attachment":[{"href":"https:\/\/www.upo.es\/diario\/wp-json\/wp\/v2\/media?parent=6321843"}],"wp:term":[{"taxonomy":"category","embeddable":true,"href":"https:\/\/www.upo.es\/diario\/wp-json\/wp\/v2\/categories?post=6321843"},{"taxonomy":"post_tag","embeddable":true,"href":"https:\/\/www.upo.es\/diario\/wp-json\/wp\/v2\/tags?post=6321843"}],"curies":[{"name":"wp","href":"https:\/\/api.w.org\/{rel}","templated":true}]}}