{"id":6323912,"date":"2014-10-21T11:31:44","date_gmt":"2014-10-21T11:31:44","guid":{"rendered":"https:\/\/www.upo.es\/diario\/?p=6323912"},"modified":"2014-10-21T11:31:44","modified_gmt":"2014-10-21T11:31:44","slug":"la-upo-organiza-esta-semana-varios-talleres-para-jovenes-emprendedores","status":"publish","type":"post","link":"https:\/\/www.upo.es\/diario\/institucional\/2014\/10\/la-upo-organiza-esta-semana-varios-talleres-para-jovenes-emprendedores\/","title":{"rendered":"La UPO organiza esta semana varios talleres para j\u00f3venes emprendedores"},"content":{"rendered":"<figure id=\"attachment_5890709\" aria-describedby=\"caption-attachment-5890709\" style=\"width: 320px\" class=\"wp-caption alignright\"><a href=\"https:\/\/www.upo.es\/diario\/wp-content\/uploads\/2014\/09\/modelo_canvas.jpg\"><img loading=\"lazy\" decoding=\"async\" class=\"size-medium wp-image-5890709 \" alt=\"Fuente: Universidad de Deusto\" src=\"https:\/\/www.upo.es\/diario\/wp-content\/uploads\/2014\/09\/modelo_canvas-320x240.jpg\" width=\"320\" height=\"240\" srcset=\"https:\/\/www.upo.es\/diario\/wp-content\/uploads\/2014\/09\/modelo_canvas-320x240.jpg 320w, https:\/\/www.upo.es\/diario\/wp-content\/uploads\/2014\/09\/modelo_canvas-600x450.jpg 600w, https:\/\/www.upo.es\/diario\/wp-content\/uploads\/2014\/09\/modelo_canvas.jpg 2048w\" sizes=\"auto, (max-width: 320px) 100vw, 320px\" \/><\/a><figcaption id=\"caption-attachment-5890709\" class=\"wp-caption-text\">Talleres para j\u00f3venes emprendedores<br \/>Foto: Universidad de Deusto<\/figcaption><\/figure>\n<p style=\"text-align: left;\">La Universidad Pablo de Olavide celebra durante los pr\u00f3ximos d\u00edas tres talleres para j\u00f3venes emprendedores en los que se abordar\u00e1n tem\u00e1ticas como la generaci\u00f3n y creaci\u00f3n de ideas, emprender a trav\u00e9s de competencias y marca personal o los recursos y programas para el autoempleo que existen actualmente.<\/p>\n<p style=\"text-align: left;\">Todos estos talleres, organizados por el \u00c1rea de Orientaci\u00f3n Profesional e Inserci\u00f3n Laboral de la Fundaci\u00f3n Universidad-Sociedad, est\u00e1n dirigidos a estudiantes de grado y postgrado con iniciativa emprendedora, hasta <strong>un m\u00e1ximo de 30 plazas<\/strong>, y se celebrar\u00e1n <strong>de 09.30 a 12.30 horas en el aula de inform\u00e1tica 104 del Edificio 45<\/strong>.<\/p>\n<p style=\"text-align: left;\">El primero de estos seminario se celebra <strong>ma\u00f1ana mismo d\u00eda 22 <\/strong>de octubre bajo el t\u00edtulo <strong>\u201cCrea oportunidades profesionales\u201d<\/strong> y en \u00e9l se fomentar\u00e1\u00a0la creaci\u00f3n de ideas, el an\u00e1lisis del entorno y la generaci\u00f3n de respuestas creativas e innovadora como potenciales oportunidades de negocio.<\/p>\n<p style=\"text-align: left;\">Un d\u00eda despu\u00e9s, el <strong>jueves 23<\/strong>, se explicar\u00e1 la herramienta <strong>\u201cElevator pich\u201d<\/strong> (discurso del ascensor), una t\u00e9cnica muy utilizada para comunicar los proyectos empresariales y se intentar\u00e1 que los participantes conozcan qu\u00e9 competencias son necesarias para poner en marcha una empresa y aprendan a mejorar la comunicaci\u00f3n y a saber venderse a trav\u00e9s de la marca personal.<\/p>\n<p style=\"text-align: left;\">Por \u00faltimo, el <strong>viernes 23<\/strong> de octubre se finalizar\u00e1 esta serie de talleres sobre emprendiemiento con el seminario <strong>\u201cAn\u00edmate a emprender\u201d<\/strong>, en el que se describir\u00e1n los recursos y programas que existen para los j\u00f3venes emprendedores.<\/p>\n<p style=\"text-align: left;\">\u00a0Todos los interesados en participar en este taller deben inscribirse enviando un correo electr\u00f3nico a la direcci\u00f3n <a href=\"mailto:orientacionprofesional@fundacion.upo.es\">orientacionprofesional@fundacion.upo.es<\/a> indicando su nombre, apellidos y estudios o bien llamando por tel\u00e9fono al 954 34 98 15.<\/p>\n","protected":false},"excerpt":{"rendered":"<p>La Universidad Pablo de Olavide celebra durante los pr\u00f3ximos d\u00edas tres talleres para j\u00f3venes emprendedores en los que se abordar\u00e1n tem\u00e1ticas como la generaci\u00f3n y creaci\u00f3n de ideas, emprender a trav\u00e9s de competencias y marca personal o los recursos y programas para el autoempleo que existen actualmente.<\/p>\n","protected":false},"author":9,"featured_media":0,"comment_status":"closed","ping_status":"open","sticky":false,"template":"","format":"standard","meta":{"_monsterinsights_skip_tracking":false,"_monsterinsights_sitenote_active":false,"_monsterinsights_sitenote_note":"","_monsterinsights_sitenote_category":0,"footnotes":""},"categories":[6],"tags":[80,549,1657,491],"class_list":["post-6323912","post","type-post","status-publish","format-standard","hentry","category-institucional","tag-emprendedores","tag-talleres","tag-universidad-pablo-de-olavide","tag-upo"],"_links":{"self":[{"href":"https:\/\/www.upo.es\/diario\/wp-json\/wp\/v2\/posts\/6323912","targetHints":{"allow":["GET"]}}],"collection":[{"href":"https:\/\/www.upo.es\/diario\/wp-json\/wp\/v2\/posts"}],"about":[{"href":"https:\/\/www.upo.es\/diario\/wp-json\/wp\/v2\/types\/post"}],"author":[{"embeddable":true,"href":"https:\/\/www.upo.es\/diario\/wp-json\/wp\/v2\/users\/9"}],"replies":[{"embeddable":true,"href":"https:\/\/www.upo.es\/diario\/wp-json\/wp\/v2\/comments?post=6323912"}],"version-history":[{"count":1,"href":"https:\/\/www.upo.es\/diario\/wp-json\/wp\/v2\/posts\/6323912\/revisions"}],"predecessor-version":[{"id":6323915,"href":"https:\/\/www.upo.es\/diario\/wp-json\/wp\/v2\/posts\/6323912\/revisions\/6323915"}],"wp:attachment":[{"href":"https:\/\/www.upo.es\/diario\/wp-json\/wp\/v2\/media?parent=6323912"}],"wp:term":[{"taxonomy":"category","embeddable":true,"href":"https:\/\/www.upo.es\/diario\/wp-json\/wp\/v2\/categories?post=6323912"},{"taxonomy":"post_tag","embeddable":true,"href":"https:\/\/www.upo.es\/diario\/wp-json\/wp\/v2\/tags?post=6323912"}],"curies":[{"name":"wp","href":"https:\/\/api.w.org\/{rel}","templated":true}]}}