{"id":6341669,"date":"2014-10-23T04:09:22","date_gmt":"2014-10-23T04:09:22","guid":{"rendered":"https:\/\/www.upo.es\/diario\/?p=6341669"},"modified":"2014-10-23T09:17:18","modified_gmt":"2014-10-23T09:17:18","slug":"cei-cambio-celebra-manana-en-la-upo-unas-jornadas-sobre-biodiversidad-y-socio-ecosistemas","status":"publish","type":"post","link":"https:\/\/www.upo.es\/diario\/institucional\/2014\/10\/cei-cambio-celebra-manana-en-la-upo-unas-jornadas-sobre-biodiversidad-y-socio-ecosistemas\/","title":{"rendered":"CEI Cambio celebra hoy en la UPO unas Jornadas sobre Biodiversidad y Socio-ecosistemas"},"content":{"rendered":"<figure id=\"attachment_635676\" aria-describedby=\"caption-attachment-635676\" style=\"width: 320px\" class=\"wp-caption alignright\"><a href=\"https:\/\/www.upo.es\/diario\/wp-content\/uploads\/2014\/10\/CEI-Cambio.jpg\"><img loading=\"lazy\" decoding=\"async\" class=\"size-medium wp-image-6356761 \" alt=\"CEI Cambio\" src=\"https:\/\/www.upo.es\/diario\/wp-content\/uploads\/2014\/10\/CEI-Cambio-320x213.jpg\" width=\"320\" height=\"213\" srcset=\"https:\/\/www.upo.es\/diario\/wp-content\/uploads\/2014\/10\/CEI-Cambio-320x213.jpg 320w, https:\/\/www.upo.es\/diario\/wp-content\/uploads\/2014\/10\/CEI-Cambio-600x400.jpg 600w\" sizes=\"auto, (max-width: 320px) 100vw, 320px\" \/><\/a><figcaption id=\"caption-attachment-635676\" class=\"wp-caption-text\">De izquierda a derecha, Elisa Oteros, UCO, Luis Berraquero, GISAP, Francisco. J Escalera, director CEI Cambio, Marta Mercado, OTRI<\/figcaption><\/figure>\n<p>Hoy, en el sal\u00f3n de grados del edificio 7 de la Universidad Pablo de Olavide, se celebran las<strong> Jornadas sobre Biodiversidad y Socio-ecosistemas<\/strong> organizadas por el <a href=\"http:\/\/www.upo.es\/ceicambio\/\">Campus de Excelencia Internacional en Medio Ambiente, Biodiversidad y Cambio Global<\/a>, CEI CamBio, en el marco de una de sus \u00e1reas de especializaci\u00f3n tem\u00e1tica cuyo fin es facilitar y promover proyectos e iniciativas conjuntos favoreciendo, de forma especial, la innovaci\u00f3n y transferencia de resultados.<\/p>\n<p>Las jornadas sirven de punto de encuentro entre los investigadores individuales y los representantes de los grupos de investigaci\u00f3n de las universidades y centros de investigaci\u00f3n del CEI y de las entidades asociadas, con objeto de identificar temas de inter\u00e9s com\u00fan que puedan dar lugar a la creaci\u00f3n, consolidaci\u00f3n y ampliaci\u00f3n de redes de colaboraci\u00f3n cara al desarrollo de proyectos y acciones conjuntas que puedan concurrir con mayores posibilidades de \u00e9xito a las convocatorias de <a href=\"https:\/\/www.upo.es\/diario\/wp-content\/uploads\/2014\/10\/jornadasoct14v2b.jpg\"><img loading=\"lazy\" decoding=\"async\" class=\"alignright size-medium wp-image-6342367\" alt=\"Jornadas CEI CamBio sobre Biodiversidad y Socio-ecosistemas\" src=\"https:\/\/www.upo.es\/diario\/wp-content\/uploads\/2014\/10\/jornadasoct14v2b-226x320.jpg\" width=\"226\" height=\"320\" srcset=\"https:\/\/www.upo.es\/diario\/wp-content\/uploads\/2014\/10\/jornadasoct14v2b-226x320.jpg 226w, https:\/\/www.upo.es\/diario\/wp-content\/uploads\/2014\/10\/jornadasoct14v2b-424x600.jpg 424w, https:\/\/www.upo.es\/diario\/wp-content\/uploads\/2014\/10\/jornadasoct14v2b-600x848.jpg 600w, https:\/\/www.upo.es\/diario\/wp-content\/uploads\/2014\/10\/jornadasoct14v2b.jpg 1500w\" sizes=\"auto, (max-width: 226px) 100vw, 226px\" \/><\/a>financiaci\u00f3n, especialmente en el marco de los programas europeos como el H2020, Life, Interreg, etc&#8230;<\/p>\n<p>Desde CEI CamBio se espera que surjan de estas jornadas iniciativas de colaboraci\u00f3n que sirvan para ampliar las posibilidades para el desarrollo de proyectos de inter\u00e9s com\u00fan.<\/p>\n<p>El CEI CamBio es un proyecto centrado en el desarrollo de la investigaci\u00f3n relacionada con el cambio global y sus repercusiones, tanto ecol\u00f3gicas como socioecon\u00f3micas, en el que participan las universidades de Almer\u00eda, C\u00e1diz, C\u00f3rdoba, Huelva, Internacional de Andaluc\u00eda, Ja\u00e9n y el CSIC, bajo la coordinaci\u00f3n de la Universidad Pablo de Olavide. Esta alianza de conocimiento andaluz busca convertirse en un referente internacional en medio ambiente, biodiversidad y cambio global, contando con Andaluc\u00eda como espacio de frontera con excepcionales condiciones para el estudio de los ecosistemas y con una prestigiosa comunidad investigadora andaluza.<\/p>\n<p align=\"center\"><span style=\"text-decoration: underline;\">\u00a0<\/span><\/p>\n<p align=\"center\"><span style=\"text-decoration: underline;\"><strong>PROGRAMA<\/strong><\/span><\/p>\n<p><strong>10:00h<\/strong>. Bienvenida y presentaci\u00f3n de las jornadas, a cargo del director del CEI CamBio, el profesor Francisco Javier Escalera Reyes.<\/p>\n<p><strong>10:15h<\/strong>. El \u00e1rea de especializaci\u00f3n del CEI CamBio sobre Biodiversidad y Socio-ecosistemas ante las nuevas perspectivas de financiaci\u00f3n europea de I+D+i<\/p>\n<p><strong>11:00h<\/strong>. Identificaci\u00f3n de temas de inter\u00e9s y propuesta de grupos de trabajo<\/p>\n<p><strong>11:30h<\/strong>. Caf\u00e9<\/p>\n<p><strong>12:00h<\/strong>. Constituci\u00f3n de grupos de trabajo<\/p>\n<p><strong>14:00h<\/strong>. Presentaci\u00f3n de propuestas de los grupos de trabajo<\/p>\n<p><strong>14:30h<\/strong>. Clausura de las jornadas.<\/p>\n","protected":false},"excerpt":{"rendered":"<p>Las jornadas servir\u00e1n de punto de encuentro entre los investigadores con objeto de identificar temas de inter\u00e9s com\u00fan que puedan dar lugar a la creaci\u00f3n, consolidaci\u00f3n y ampliaci\u00f3n de redes de colaboraci\u00f3n cara al desarrollo de proyectos y acciones conjuntas.<\/p>\n","protected":false},"author":9,"featured_media":0,"comment_status":"closed","ping_status":"open","sticky":false,"template":"","format":"standard","meta":{"_monsterinsights_skip_tracking":false,"_monsterinsights_sitenote_active":false,"_monsterinsights_sitenote_note":"","_monsterinsights_sitenote_category":0,"footnotes":""},"categories":[6],"tags":[814,224,734,84,429],"class_list":["post-6341669","post","type-post","status-publish","format-standard","hentry","category-institucional","tag-biodiversidad","tag-cei-cambio","tag-investigadores","tag-jornadas","tag-medio-ambiente"],"_links":{"self":[{"href":"https:\/\/www.upo.es\/diario\/wp-json\/wp\/v2\/posts\/6341669","targetHints":{"allow":["GET"]}}],"collection":[{"href":"https:\/\/www.upo.es\/diario\/wp-json\/wp\/v2\/posts"}],"about":[{"href":"https:\/\/www.upo.es\/diario\/wp-json\/wp\/v2\/types\/post"}],"author":[{"embeddable":true,"href":"https:\/\/www.upo.es\/diario\/wp-json\/wp\/v2\/users\/9"}],"replies":[{"embeddable":true,"href":"https:\/\/www.upo.es\/diario\/wp-json\/wp\/v2\/comments?post=6341669"}],"version-history":[{"count":12,"href":"https:\/\/www.upo.es\/diario\/wp-json\/wp\/v2\/posts\/6341669\/revisions"}],"predecessor-version":[{"id":6341673,"href":"https:\/\/www.upo.es\/diario\/wp-json\/wp\/v2\/posts\/6341669\/revisions\/6341673"}],"wp:attachment":[{"href":"https:\/\/www.upo.es\/diario\/wp-json\/wp\/v2\/media?parent=6341669"}],"wp:term":[{"taxonomy":"category","embeddable":true,"href":"https:\/\/www.upo.es\/diario\/wp-json\/wp\/v2\/categories?post=6341669"},{"taxonomy":"post_tag","embeddable":true,"href":"https:\/\/www.upo.es\/diario\/wp-json\/wp\/v2\/tags?post=6341669"}],"curies":[{"name":"wp","href":"https:\/\/api.w.org\/{rel}","templated":true}]}}